{"id":23642,"date":"2021-02-15T21:53:07","date_gmt":"2021-02-16T03:53:07","guid":{"rendered":"http:\/\/www.zonaroja.com.mx\/?p=23642"},"modified":"2021-02-15T21:53:11","modified_gmt":"2021-02-16T03:53:11","slug":"dejo-el-covid-400-casos-positivos-a-covid-el-fin-de-semana-en-oaxaca","status":"publish","type":"post","link":"https:\/\/zonaroja.com.mx\/?p=23642","title":{"rendered":"Dej\u00f3 el Covid 400 casos positivos a Covid el fin de semana en Oaxaca"},"content":{"rendered":"\n<p>Redacci\u00f3n\/Zona Roja.<\/p>\n\n\n\n<p>Oaxaca de Ju\u00e1rez, Oax. 15 de febrero de 2021.- Los Servicios de Salud de Oaxaca (SSO), registran al corte de este lunes 15 de febrero, 150 casos nuevos de Covid-19 que suman 38 mil 254 acumulados; adem\u00e1s hay 14 hospitales con el 100% de ocupaci\u00f3n, lo que representa un 58.5% en todo el estado.<\/p>\n\n\n\n<p>Durante el fin de semana, del 13 al 15 de febrero, de acuerdo con el reporte t\u00e9cnico, se registraron 400 casos positivos, 117 de ellos en la capital del estado, 27 en Huajuapan de Le\u00f3n y 22 en Santa Cruz Xoxocotl\u00e1n, por mencionar algunos.<\/p>\n\n\n\n<p>En un comunicado, la dependencia dijo que se han notificado 60 mil 069 casos, de los cuales 17 mil 150 son negativos, hay cuatro mil 665 sospechosos, 34 mil 969 se han recuperado y lamentablemente se cuentan seis decesos, que suman dos mil 726.<\/p>\n\n\n\n<figure class=\"wp-block-embed-twitter wp-block-embed is-type-rich is-provider-twitter\"><div class=\"wp-block-embed__wrapper\">\n<div class=\"twitter-tweet\"><blockquote class=\"twitter-tweet\" data-lang=\"es\"><p lang=\"es\" dir=\"ltr\"><a href=\"https:\/\/twitter.com\/hashtag\/%C3%9AltimoMinuto?src=hash&amp;ref_src=twsrc%5Etfw\">#\u00daltimoMinuto<\/a><br>En Oaxaca, los Servicios de Salud reportaron este lunes seis fallecimientos por Covid, para un total de dos mil 726 defunciones; tambi\u00e9n, 150 casos positivos (400 acumulados el fin de semana), que dan un total de 38 mil 254. Son 14 hospitales llenos de pacientes. <a href=\"https:\/\/t.co\/8BQgFkoctl\">pic.twitter.com\/8BQgFkoctl<\/a><\/p>&mdash; Zona Roja Oaxaca (@Zona_Roja_Oax) <a href=\"https:\/\/twitter.com\/Zona_Roja_Oax\/status\/1361501833341014019?ref_src=twsrc%5Etfw\">16 de febrero de 2021<\/a><\/blockquote><\/div>\n<\/div><\/figure>\n\n\n\n<p>La Jurisdicci\u00f3n Sanitaria n\u00famero uno Valles Centrales contabiliza 26 mil 419 casos confirmados y mil 457 defunciones, Istmo tres mil 208 y 443 muertes, Mixteca tres mil 64 y 247 decesos, Tuxtepec dos mil 363 y 299 defunciones, Costa mil 885 y 173 muertes y la Sierra mil 315 y 107 decesos.<\/p>\n\n\n\n<p>Expuso que hay 559 casos activos, siendo la Jurisdicci\u00f3n Sanitaria de Valles Centrales la que registra 383, Istmo 64, Mixteca 35, Costa 34, Tuxtepec 27 y la Sierra 16.<\/p>\n\n\n\n<p>En relaci\u00f3n a la ocupaci\u00f3n hospitalaria de los d\u00edas 14 y 15 de febrero, se registran 24 nuevos hospitalizados, hay 379 camas ocupadas y 269 disponibles de un total de 648. La Jurisdicci\u00f3n Sanitaria n\u00famero uno Valles Centrales contabiliza 231 camas ocupadas, Istmo 60, Mixteca 31, Costa 28, Tuxtepec 25, y Sierra 4.<\/p>\n","protected":false},"excerpt":{"rendered":"<p>Redacci\u00f3n\/Zona Roja. Oaxaca de Ju\u00e1rez, Oax. 15 de febrero de 2021.- Los Servicios de Salud&hellip;<\/p>\n","protected":false},"author":2,"featured_media":23643,"comment_status":"closed","ping_status":"open","sticky":false,"template":"","format":"standard","meta":{"_lmt_disableupdate":"","_lmt_disable":"","_jetpack_memberships_contains_paid_content":false,"footnotes":""},"categories":[109,47],"tags":[1512],"class_list":["post-23642","post","type-post","status-publish","format-standard","has-post-thumbnail","hentry","category-minuto-a-minuto","category-zona-gris","tag-coronavirus-oaxaca"],"jetpack_featured_media_url":"https:\/\/zonaroja.com.mx\/wp-content\/uploads\/2021\/02\/Covid-15-de-febrero.jpg","jetpack_sharing_enabled":true,"_links":{"self":[{"href":"https:\/\/zonaroja.com.mx\/index.php?rest_route=\/wp\/v2\/posts\/23642","targetHints":{"allow":["GET"]}}],"collection":[{"href":"https:\/\/zonaroja.com.mx\/index.php?rest_route=\/wp\/v2\/posts"}],"about":[{"href":"https:\/\/zonaroja.com.mx\/index.php?rest_route=\/wp\/v2\/types\/post"}],"author":[{"embeddable":true,"href":"https:\/\/zonaroja.com.mx\/index.php?rest_route=\/wp\/v2\/users\/2"}],"replies":[{"embeddable":true,"href":"https:\/\/zonaroja.com.mx\/index.php?rest_route=%2Fwp%2Fv2%2Fcomments&post=23642"}],"version-history":[{"count":1,"href":"https:\/\/zonaroja.com.mx\/index.php?rest_route=\/wp\/v2\/posts\/23642\/revisions"}],"predecessor-version":[{"id":23644,"href":"https:\/\/zonaroja.com.mx\/index.php?rest_route=\/wp\/v2\/posts\/23642\/revisions\/23644"}],"wp:featuredmedia":[{"embeddable":true,"href":"https:\/\/zonaroja.com.mx\/index.php?rest_route=\/wp\/v2\/media\/23643"}],"wp:attachment":[{"href":"https:\/\/zonaroja.com.mx\/index.php?rest_route=%2Fwp%2Fv2%2Fmedia&parent=23642"}],"wp:term":[{"taxonomy":"category","embeddable":true,"href":"https:\/\/zonaroja.com.mx\/index.php?rest_route=%2Fwp%2Fv2%2Fcategories&post=23642"},{"taxonomy":"post_tag","embeddable":true,"href":"https:\/\/zonaroja.com.mx\/index.php?rest_route=%2Fwp%2Fv2%2Ftags&post=23642"}],"curies":[{"name":"wp","href":"https:\/\/api.w.org\/{rel}","templated":true}]}}