{"id":23651,"date":"2021-02-16T08:03:49","date_gmt":"2021-02-16T14:03:49","guid":{"rendered":"http:\/\/www.zonaroja.com.mx\/?p=23651"},"modified":"2021-02-16T08:03:52","modified_gmt":"2021-02-16T14:03:52","slug":"engana-morena-a-denunciante-de-salgado-macedonio-y-la-acosan-abogados","status":"publish","type":"post","link":"https:\/\/zonaroja.com.mx\/?p=23651","title":{"rendered":"Enga\u00f1a Morena a denunciante de Salgado Macedonio y la acosan abogados"},"content":{"rendered":"\n<p>Redacci\u00f3n\/Zona Roja Cdmx.<\/p>\n\n\n\n<p>Ciudad de M\u00e9xico, 16 de febrero de 2021.- Mientras Morena registraba ayer a F\u00e9lix Salgado Macedonio como su candidato a gobernador en Guerrero, Basilia \u00abN\u00bb, fue enga\u00f1ada por representantes partidistas en la ciudad de M\u00e9xico.<\/p>\n\n\n\n<p>La joven que ha acusado de violaci\u00f3n al senador con licencia, Salgado Macedonio, compareci\u00f3 este lunes durante cinco horas ante la Comisi\u00f3n Nacional de Honestidad y Justicia de Morena; sin embargo, no estuvo ning\u00fan representante de dicha instancia.<\/p>\n\n\n\n<p>En lugar de ello, acudieron cuatro abogados del senador con licencia, quienes en todo momento fueron \u00abmuy agresivos y quer\u00edan victimizarme, no puede ser de que uno sea el agredido, todav\u00eda vengan a querer hacerme sentir peor, mand\u00f3 a cuatro y quer\u00edan intimidarme\u00bb.<\/p>\n\n\n\n<p>Al salir del encuentro, en entrevista con medios de comunicaci\u00f3n pidi\u00f3 al Presidente Andr\u00e9s Manuel L\u00f3pez Obrador que \u00abno proteja a un violador\u00bb y asegur\u00f3 que el jefe del Ejecutivo tiene la \u00faltima en palabra para ella poder acceder a la justicia.&nbsp;<\/p>\n\n\n\n<p>\u201cLa \u00faltima palabra la tiene el Presidente, parte de que esto se haya dado de que es guerra sucia y de la contienda electoral, como lo dijo, pues que vean que doy la cara. Yo le dir\u00eda al Presidente que sea serio, que se ponga en el lugar de la v\u00edctima, no puede \u00e9l defender a un violador, desde que pas\u00f3 todo esto, me han jodido la vida.<\/p>\n\n\n\n<p>\u00abA m\u00ed no me est\u00e1n viendo como v\u00edctima, tengo mucho miedo de que est\u00e9 se\u00f1or sea gobernador. Quisiera que esto se arregle para que no tuviera yo que pedir asilo pol\u00edtico si no llega a haber una buena respuesta del Presidente, porque \u00e9l es quien tiene la \u00faltima palabra. Si \u00e9l queda gobernador corro el riesgo de que vaya y me saque de mi casa\u00bb, expres\u00f3.<\/p>\n\n\n\n<p>Patricia Olamendi, quien forma parte del grupo de abogadas que respalda a Basilia, acus\u00f3 que la comparecencia fue una simulaci\u00f3n y fue extremadamente hostil, pues hubo constante violaci\u00f3n a los derechos humanos de la v\u00edctima, adem\u00e1s de que ninguno de los comisionados del \u00f3rgano jurisdiccional de Morena estuvieron presentes.<\/p>\n\n\n\n<p>Este martes, Salgado Macedonio deber\u00e1 comparecer y adem\u00e1s de sus abogados, estar\u00e1 presente el equipo jur\u00eddico que respalda a Basilia \u00abN\u00bb. Se espera que la reuni\u00f3n se realice en un hotel del Paseo de la Reforma y en caso de no presentarse, ser\u00e1 considerado \u00abconfeso\u00bb.<\/p>\n\n\n\n<p>(Con informaci\u00f3n de \u201cMilenio\u201d)<\/p>\n","protected":false},"excerpt":{"rendered":"<p>Redacci\u00f3n\/Zona Roja Cdmx. Ciudad de M\u00e9xico, 16 de febrero de 2021.- Mientras Morena registraba ayer&hellip;<\/p>\n","protected":false},"author":2,"featured_media":23652,"comment_status":"closed","ping_status":"open","sticky":false,"template":"","format":"standard","meta":{"_lmt_disableupdate":"","_lmt_disable":"","_jetpack_memberships_contains_paid_content":false,"footnotes":""},"categories":[109,47],"tags":[2352],"class_list":["post-23651","post","type-post","status-publish","format-standard","has-post-thumbnail","hentry","category-minuto-a-minuto","category-zona-gris","tag-felix-salgado-macedonio"],"jetpack_featured_media_url":"https:\/\/zonaroja.com.mx\/wp-content\/uploads\/2021\/02\/Basilia-y-Felix-Salgado-Macedonio.jpg","jetpack_sharing_enabled":true,"_links":{"self":[{"href":"https:\/\/zonaroja.com.mx\/index.php?rest_route=\/wp\/v2\/posts\/23651","targetHints":{"allow":["GET"]}}],"collection":[{"href":"https:\/\/zonaroja.com.mx\/index.php?rest_route=\/wp\/v2\/posts"}],"about":[{"href":"https:\/\/zonaroja.com.mx\/index.php?rest_route=\/wp\/v2\/types\/post"}],"author":[{"embeddable":true,"href":"https:\/\/zonaroja.com.mx\/index.php?rest_route=\/wp\/v2\/users\/2"}],"replies":[{"embeddable":true,"href":"https:\/\/zonaroja.com.mx\/index.php?rest_route=%2Fwp%2Fv2%2Fcomments&post=23651"}],"version-history":[{"count":1,"href":"https:\/\/zonaroja.com.mx\/index.php?rest_route=\/wp\/v2\/posts\/23651\/revisions"}],"predecessor-version":[{"id":23653,"href":"https:\/\/zonaroja.com.mx\/index.php?rest_route=\/wp\/v2\/posts\/23651\/revisions\/23653"}],"wp:featuredmedia":[{"embeddable":true,"href":"https:\/\/zonaroja.com.mx\/index.php?rest_route=\/wp\/v2\/media\/23652"}],"wp:attachment":[{"href":"https:\/\/zonaroja.com.mx\/index.php?rest_route=%2Fwp%2Fv2%2Fmedia&parent=23651"}],"wp:term":[{"taxonomy":"category","embeddable":true,"href":"https:\/\/zonaroja.com.mx\/index.php?rest_route=%2Fwp%2Fv2%2Fcategories&post=23651"},{"taxonomy":"post_tag","embeddable":true,"href":"https:\/\/zonaroja.com.mx\/index.php?rest_route=%2Fwp%2Fv2%2Ftags&post=23651"}],"curies":[{"name":"wp","href":"https:\/\/api.w.org\/{rel}","templated":true}]}}