{"id":23659,"date":"2021-02-16T09:55:00","date_gmt":"2021-02-16T15:55:00","guid":{"rendered":"http:\/\/www.zonaroja.com.mx\/?p=23659"},"modified":"2021-02-16T09:55:03","modified_gmt":"2021-02-16T15:55:03","slug":"designan-en-senado-a-oaxaqueno-en-sistema-de-combate-a-la-corrupcion","status":"publish","type":"post","link":"https:\/\/zonaroja.com.mx\/?p=23659","title":{"rendered":"Designan en Senado a oaxaque\u00f1o en sistema de combate a la corrupci\u00f3n"},"content":{"rendered":"\n<p>Evlin Arag\u00f3n\/Zona Roja.<\/p>\n\n\n\n<p>Oaxaca de Ju\u00e1rez, Oax., 16 de febrero de 2021.- Este lunes, el maestro universitario oaxaque\u00f1o Ad\u00e1n C\u00f3rdova Trujillo fue designado por el Senado de la Rep\u00fablica como integrante de la Comisi\u00f3n de Selecci\u00f3n del Sistema Nacional Anticorrupci\u00f3n (SNA).\u00a0<\/p>\n\n\n\n<p>Lo anterior fue celebrado, a trav\u00e9s de las redes sociales, por la Universidad Aut\u00f3noma \u201cBenito Ju\u00e1rez\u201d de Oaxaca y la Facultad de Derecho y Ciencias Sociales de la UABJO, cuyas autoridades confiaron en que cumplir\u00e1 con responsabilidad los objetivos trazados por la comisi\u00f3n reci\u00e9n conformada.&nbsp;<\/p>\n\n\n\n<p>\u201cLa Facultad de Derecho y Ciencias Sociales de la UABJO se congratula por la nueva encomienda que el Mtro. Ad\u00e1n C\u00f3rdova Trujillo, docente de esta instituci\u00f3n realizar\u00e1 a partir de esta fecha, seguros de que cumplir\u00e1 esta encomienda con \u00e9tica y profesionalismo como ha sido siempre su actuar\u201d, refieren en sus redes.\u00a0\u00a0<\/p>\n\n\n\n<p>En tanto, C\u00f3rdova Trujillo reconoci\u00f3 el respaldo del rector de la casa de estudios en la entidad, Eduardo Bautista Mart\u00ednez, as\u00ed como del director de la Facultad, Carlos Perezcampos Mayoral.<\/p>\n\n\n\n<p>Previamente y durante su entrevista con senadoras y senadores integrantes de la Comisi\u00f3n de Anticorrupci\u00f3n, Transparencia y Participaci\u00f3n Ciudadana, el oaxaque\u00f1o se\u00f1al\u00f3 que para relanzar el SNA, es necesario terminar de construirlo, ya que hace falta el nombramiento de magistrados y el establecimiento de sistemas locales, pues sin esto no est\u00e1 completo.\u00a0<\/p>\n\n\n\n<p>Puntualiz\u00f3 que, a cinco a\u00f1os de su creaci\u00f3n, no ha habido ni una sola sesi\u00f3n del SNA completo; \u201ces necesario construirlo de manera completa y despu\u00e9s fortalecerlo\u201d.<\/p>\n\n\n\n<figure class=\"wp-block-image size-large\"><img decoding=\"async\" width=\"1024\" height=\"766\" src=\"http:\/\/www.zonaroja.com.mx\/wp-content\/uploads\/2021\/02\/Adan-Cordova-2-1024x766.jpg\" alt=\"\" class=\"wp-image-23661\" srcset=\"https:\/\/zonaroja.com.mx\/wp-content\/uploads\/2021\/02\/Adan-Cordova-2-1024x766.jpg 1024w, https:\/\/zonaroja.com.mx\/wp-content\/uploads\/2021\/02\/Adan-Cordova-2-300x225.jpg 300w, https:\/\/zonaroja.com.mx\/wp-content\/uploads\/2021\/02\/Adan-Cordova-2-768x575.jpg 768w, https:\/\/zonaroja.com.mx\/wp-content\/uploads\/2021\/02\/Adan-Cordova-2-1170x876.jpg 1170w, https:\/\/zonaroja.com.mx\/wp-content\/uploads\/2021\/02\/Adan-Cordova-2-585x438.jpg 585w, https:\/\/zonaroja.com.mx\/wp-content\/uploads\/2021\/02\/Adan-Cordova-2.jpg 1280w\" sizes=\"(max-width: 1024px) 100vw, 1024px\" \/><\/figure>\n\n\n\n<p>Ad\u00e1n C\u00f3rdova no es ning\u00fan improvisado en el combate a la corrupci\u00f3n, ya que fue integrante y presidente del Comit\u00e9 de Participaci\u00f3n Ciudadana del Sistema Estatal de Combate a la Corrupci\u00f3n en Oaxaca.&nbsp;<\/p>\n\n\n\n<p>Es maestro en Fiscalizaci\u00f3n, Transparencia y Rendici\u00f3n de Cuentas, por la Universidad Aut\u00f3noma de Tlaxcala (UAT), adem\u00e1s de ser egresado y docente de la Facultad de Derecho y Ciencias Sociales de la UABJO.<\/p>\n\n\n\n<p>Cuenta con estudio en Alta Direcci\u00f3n, Sistema Acusatorio Adversarial y Derecho Electoral, Responsabilidades Administrativas y Combate a la Corrupci\u00f3n, as\u00ed como en An\u00e1lisis Pol\u00edtico Estrat\u00e9gico.<\/p>\n\n\n\n<p>Ha sido funcionario en la Auditor\u00eda Superior del Estado, asesor legislativo, docente y columnista en algunos medios de comunicaci\u00f3n; as\u00ed mismo forma parte de la Comisi\u00f3n de Integrantes de Municipios a los Sistemas Locales Anticorrupci\u00f3n en la Red de Comit\u00e9s de Participaci\u00f3n Ciudadana del pa\u00eds.&nbsp;<\/p>\n","protected":false},"excerpt":{"rendered":"<p>Evlin Arag\u00f3n\/Zona Roja. Oaxaca de Ju\u00e1rez, Oax., 16 de febrero de 2021.- Este lunes, el&hellip;<\/p>\n","protected":false},"author":2,"featured_media":23660,"comment_status":"closed","ping_status":"open","sticky":false,"template":"","format":"standard","meta":{"_lmt_disableupdate":"","_lmt_disable":"","_jetpack_memberships_contains_paid_content":false,"footnotes":""},"categories":[109,46],"tags":[184],"class_list":["post-23659","post","type-post","status-publish","format-standard","has-post-thumbnail","hentry","category-minuto-a-minuto","category-zona-blanca","tag-adan-cordova-trujillo"],"jetpack_featured_media_url":"https:\/\/zonaroja.com.mx\/wp-content\/uploads\/2021\/02\/Adan-Cordova-1.jpg","jetpack_sharing_enabled":true,"_links":{"self":[{"href":"https:\/\/zonaroja.com.mx\/index.php?rest_route=\/wp\/v2\/posts\/23659","targetHints":{"allow":["GET"]}}],"collection":[{"href":"https:\/\/zonaroja.com.mx\/index.php?rest_route=\/wp\/v2\/posts"}],"about":[{"href":"https:\/\/zonaroja.com.mx\/index.php?rest_route=\/wp\/v2\/types\/post"}],"author":[{"embeddable":true,"href":"https:\/\/zonaroja.com.mx\/index.php?rest_route=\/wp\/v2\/users\/2"}],"replies":[{"embeddable":true,"href":"https:\/\/zonaroja.com.mx\/index.php?rest_route=%2Fwp%2Fv2%2Fcomments&post=23659"}],"version-history":[{"count":1,"href":"https:\/\/zonaroja.com.mx\/index.php?rest_route=\/wp\/v2\/posts\/23659\/revisions"}],"predecessor-version":[{"id":23662,"href":"https:\/\/zonaroja.com.mx\/index.php?rest_route=\/wp\/v2\/posts\/23659\/revisions\/23662"}],"wp:featuredmedia":[{"embeddable":true,"href":"https:\/\/zonaroja.com.mx\/index.php?rest_route=\/wp\/v2\/media\/23660"}],"wp:attachment":[{"href":"https:\/\/zonaroja.com.mx\/index.php?rest_route=%2Fwp%2Fv2%2Fmedia&parent=23659"}],"wp:term":[{"taxonomy":"category","embeddable":true,"href":"https:\/\/zonaroja.com.mx\/index.php?rest_route=%2Fwp%2Fv2%2Fcategories&post=23659"},{"taxonomy":"post_tag","embeddable":true,"href":"https:\/\/zonaroja.com.mx\/index.php?rest_route=%2Fwp%2Fv2%2Ftags&post=23659"}],"curies":[{"name":"wp","href":"https:\/\/api.w.org\/{rel}","templated":true}]}}