{"id":2366,"date":"2019-07-18T21:52:10","date_gmt":"2019-07-19T02:52:10","guid":{"rendered":"http:\/\/www.zonaroja.com.mx\/?p=2366"},"modified":"2019-07-18T21:52:13","modified_gmt":"2019-07-19T02:52:13","slug":"alcaldesa-de-san-jacinto-amilpas-renta-oficinas-de-30-mil-sin-licitacion","status":"publish","type":"post","link":"https:\/\/zonaroja.com.mx\/?p=2366","title":{"rendered":"Alcaldesa de San Jacinto Amilpas renta oficinas de $30 mil, sin licitaci\u00f3n"},"content":{"rendered":"\n<p>Redacci\u00f3n<\/p>\n\n\n\n<p>San Jacinto\nAmilpas, Oax., 18 de julio de 2019.- Habitantes del municipio de San Jacinto\nAmilpas se manifestaron este jueves en la demarcaci\u00f3n para denunciar que hasta\nel momento, a siete meses de administraci\u00f3n, no hay obra p\u00fablica ni\ntransparencia en el manejo de recursos por parte de la edil Yolanda Santos.<\/p>\n\n\n\n<p>Asimismo,\nrenta una casa de un familiar para oficinas, por un monto de 30 mil pesos, sin\nlicitaci\u00f3n, adem\u00e1s de adquirir veh\u00edculos de lujo para sus colaboradores\ncercanos.<\/p>\n\n\n\n<p>El grupo\ninconforme asegur\u00f3 que en constantes ocasiones han buscado el acercamiento a\ntrav\u00e9s del di\u00e1logo con la autoridad, sin embargo esta no ha querido reunirse\npara escuchar las demandas de la poblaci\u00f3n.<\/p>\n\n\n\n<p>La ciudadana\nCarmen Vargas Ram\u00edrez expres\u00f3 que existen deficiencias de obra p\u00fablica en la\ndemarcaci\u00f3n, toda vez que carecen de agua potable y mantienen un serio problema\nde contaminaci\u00f3n del r\u00edo Atoyac que debe ser atendido por parte de las\nautoridades de San Jacinto Amilpas.<\/p>\n\n\n\n<p>A la par que\ncuestionaron la nula transparencia en el manejo de recursos p\u00fablicos por parte\nde la edil emanada del partido Morena, as\u00ed como la falta de congruencia con la\nCuarta Transformaci\u00f3n que encabeza el presidente de la Rep\u00fablica, Andr\u00e9s Manuel\nL\u00f3pez Obrador.<\/p>\n\n\n\n<p>\u201cMantienen\nuna renta mensual de 30 mil pesos en una oficina alterna, el personal af\u00edn a la\npresidenta se ostenta con veh\u00edculos de lujo que no podr\u00edan obtener con el\nsueldo de trabajadores adscritos al ayuntamiento, por eso ya no queremos a la\npresidenta aqu\u00ed\u201d, manifest\u00f3 en entrevista.<\/p>\n\n\n\n<p>As\u00ed mismo\nrecrimin\u00f3 que la edil no sea oriunda del municipio que representa y por el\ncontrario fue el efecto Andr\u00e9s Manuel L\u00f3pez Obrador lo que la favoreci\u00f3 para\nobtener el triunfo, pese a que la poblaci\u00f3n no estaba conforme con su\npostulaci\u00f3n.<\/p>\n\n\n\n<p>Cabe se\u00f1alar que los conflictos al interior del municipio tambi\u00e9n se han registrado en el propio Cabildo, ya que algunos integrantes del cuerpo colegiado se oponen a las acciones que pretende realizar la edil, a quien incluso desconocen.\u00a0 <\/p>\n\n\n\n<figure class=\"wp-block-embed-twitter wp-block-embed is-type-rich is-provider-twitter\"><div class=\"wp-block-embed__wrapper\">\n<div class=\"twitter-tweet\"><blockquote class=\"twitter-tweet\" data-lang=\"es\"><p lang=\"es\" dir=\"ltr\"><a href=\"https:\/\/twitter.com\/hashtag\/ENVIVO?src=hash&amp;ref_src=twsrc%5Etfw\">#ENVIVO<\/a><br>San Jacinto Amilpas, Oax. <br>Protesta de pobladores en contra de la presidenta municipal Yolanda Santos; no hay obras ni transparencia en los recursos, acusan. <br>\ud83d\udc47<a href=\"https:\/\/t.co\/tj4Ls0GhLi\">https:\/\/t.co\/tj4Ls0GhLi<\/a> <a href=\"https:\/\/t.co\/yEF0CNtnBW\">pic.twitter.com\/yEF0CNtnBW<\/a><\/p>&mdash; Zona Roja Oaxaca (@MexRoja) <a href=\"https:\/\/twitter.com\/MexRoja\/status\/1151886361982656514?ref_src=twsrc%5Etfw\">18 de julio de 2019<\/a><\/blockquote><\/div>\n<\/div><\/figure>\n","protected":false},"excerpt":{"rendered":"<p>Redacci\u00f3n San Jacinto Amilpas, Oax., 18 de julio de 2019.- Habitantes del municipio de San&hellip;<\/p>\n","protected":false},"author":2,"featured_media":2367,"comment_status":"closed","ping_status":"open","sticky":false,"template":"","format":"standard","meta":{"_lmt_disableupdate":"","_lmt_disable":"","_jetpack_memberships_contains_paid_content":false,"footnotes":""},"categories":[109,47],"tags":[366],"class_list":["post-2366","post","type-post","status-publish","format-standard","has-post-thumbnail","hentry","category-minuto-a-minuto","category-zona-gris","tag-yolanda-santos-san-jacinto-amilpas"],"jetpack_featured_media_url":"https:\/\/zonaroja.com.mx\/wp-content\/uploads\/2019\/07\/a0de3bc9-61a0-4e1d-b84e-30351232a87f.jpg","jetpack_sharing_enabled":true,"_links":{"self":[{"href":"https:\/\/zonaroja.com.mx\/index.php?rest_route=\/wp\/v2\/posts\/2366","targetHints":{"allow":["GET"]}}],"collection":[{"href":"https:\/\/zonaroja.com.mx\/index.php?rest_route=\/wp\/v2\/posts"}],"about":[{"href":"https:\/\/zonaroja.com.mx\/index.php?rest_route=\/wp\/v2\/types\/post"}],"author":[{"embeddable":true,"href":"https:\/\/zonaroja.com.mx\/index.php?rest_route=\/wp\/v2\/users\/2"}],"replies":[{"embeddable":true,"href":"https:\/\/zonaroja.com.mx\/index.php?rest_route=%2Fwp%2Fv2%2Fcomments&post=2366"}],"version-history":[{"count":1,"href":"https:\/\/zonaroja.com.mx\/index.php?rest_route=\/wp\/v2\/posts\/2366\/revisions"}],"predecessor-version":[{"id":2368,"href":"https:\/\/zonaroja.com.mx\/index.php?rest_route=\/wp\/v2\/posts\/2366\/revisions\/2368"}],"wp:featuredmedia":[{"embeddable":true,"href":"https:\/\/zonaroja.com.mx\/index.php?rest_route=\/wp\/v2\/media\/2367"}],"wp:attachment":[{"href":"https:\/\/zonaroja.com.mx\/index.php?rest_route=%2Fwp%2Fv2%2Fmedia&parent=2366"}],"wp:term":[{"taxonomy":"category","embeddable":true,"href":"https:\/\/zonaroja.com.mx\/index.php?rest_route=%2Fwp%2Fv2%2Fcategories&post=2366"},{"taxonomy":"post_tag","embeddable":true,"href":"https:\/\/zonaroja.com.mx\/index.php?rest_route=%2Fwp%2Fv2%2Ftags&post=2366"}],"curies":[{"name":"wp","href":"https:\/\/api.w.org\/{rel}","templated":true}]}}