{"id":23663,"date":"2021-02-16T15:57:25","date_gmt":"2021-02-16T21:57:25","guid":{"rendered":"http:\/\/www.zonaroja.com.mx\/?p=23663"},"modified":"2021-02-16T15:57:28","modified_gmt":"2021-02-16T21:57:28","slug":"en-riesgo-inicio-de-semestre-en-la-upn-unidad-oaxaca","status":"publish","type":"post","link":"https:\/\/zonaroja.com.mx\/?p=23663","title":{"rendered":"En riesgo inicio de semestre en la UPN Unidad Oaxaca"},"content":{"rendered":"\n<p>Evlin Arag\u00f3n\/Zona Roja.<\/p>\n\n\n\n<p>Oaxaca de Ju\u00e1rez, Oax., 16 de febrero de 2021.- Personal de la Universidad Pedag\u00f3gica Nacional (UPN) acord\u00f3 suspender el inicio del semestre marzo-julio 2021 y desconocer al titular de la Unidad de Educaci\u00f3n Normal y Formaci\u00f3n de Docentes del Instituto Estatal de Educaci\u00f3n P\u00fablica de Oaxaca (IEEPO), a quien acusan de falta de capacidad para atender y resolver las principales demandas de la base trabajadora.\u00a0<\/p>\n\n\n\n<p>Las y los trabajadores de la instituci\u00f3n educativa &#8211;afiliados a la Secci\u00f3n 22 del Sindicato Nacional de Trabajadores de la Educaci\u00f3n (SNTE)&#8211; convinieron en no realizar ning\u00fan tr\u00e1mite de documentaci\u00f3n con esa instancia y exigir la intervenci\u00f3n directa del titular del IEEPO, Francisco \u00c1ngel Villareal, para la soluci\u00f3n de la problem\u00e1tica que se vive al interior de la misma.<\/p>\n\n\n\n<p>\u201cLa base trabajadora acuerda desconocer al Lic. Carlo Alberto Cuevas Cervantes, titular de la Unidad de Educaci\u00f3n Normal y Formaci\u00f3n de Docentes del IEEPO, ante su incapacidad para atender y resolver nuestras demandas institucionales de la UPN Unidad 201 Oaxaca\u201d, refirieron.&nbsp;<\/p>\n\n\n\n<p>Mediante un pronunciamiento, dirigido al secretario general de la Secci\u00f3n 22, Eloy L\u00f3pez Hern\u00e1ndez, denunciaron que el citado funcionario mantiene una actitud prepotente y trato desp\u00f3tico a los directivos de la UPN Unidad 201 Oaxaca, as\u00ed como el desconocimiento de las funciones sustantivas de la universidad en materia de docencia, investigaci\u00f3n, gesti\u00f3n educativa y difusi\u00f3n de la cultura.&nbsp;<\/p>\n\n\n\n<p>As\u00ed mismo, revelaron que Cuevas Cervantes ha vulnerado los derechos de las y los trabajadores al hacer caso omiso a las solicitudes reiteradas de atenci\u00f3n a necesidades planteadas, as\u00ed como acosa y hostiga laboralmente al personal, poniendo en riesgo incluso su salud e integridad en esta \u00e9poca de pandemia.&nbsp;<\/p>\n\n\n\n<p>El personal dio a conocer que, dentro de sus demandas, las cuales no han sido escuchadas hasta el momento, se encuentra la conclusi\u00f3n inmediata y sin condicionamientos del proceso administrativo de la reclasificaci\u00f3n de los acad\u00e9micos que ya fueron dictaminados legalmente en 2019.<\/p>\n\n\n\n<p>As\u00ed mismo, la liberaci\u00f3n inmediata de la plaza administrativa de techo financiero de la UPN 201 Oaxaca, vacante por jubilaci\u00f3n a partir de junio del 2019, y para lo cual han entregado en tiempo y forma la documentaci\u00f3n requerida; as\u00ed como la liberaci\u00f3n y\/o reintegraci\u00f3n de las plazas docente y administrativas pertenecientes tambi\u00e9n al techo financiero de la instituci\u00f3n<\/p>\n\n\n\n<p>Lo anterior sin dejar de lado la instalaci\u00f3n de una mesa de trabajo para la soluci\u00f3n inmediata de sus demandas expuestas y otros tr\u00e1mites pendientes del personal acad\u00e9mico y no docente del 2015 al 2021, que se entregaron desde hace a\u00f1os ante las autoridades del IEEPO.<\/p>\n\n\n\n<p>Mientras tanto el inicio del semestre marzo-junio del 2021, al interior de la instituci\u00f3n acad\u00e9mica, fue suspendido hasta nuevo aviso.<\/p>\n","protected":false},"excerpt":{"rendered":"<p>Evlin Arag\u00f3n\/Zona Roja. Oaxaca de Ju\u00e1rez, Oax., 16 de febrero de 2021.- Personal de la&hellip;<\/p>\n","protected":false},"author":2,"featured_media":23664,"comment_status":"closed","ping_status":"open","sticky":false,"template":"","format":"standard","meta":{"_lmt_disableupdate":"","_lmt_disable":"","_jetpack_memberships_contains_paid_content":false,"footnotes":""},"categories":[109,47],"tags":[2460],"class_list":["post-23663","post","type-post","status-publish","format-standard","has-post-thumbnail","hentry","category-minuto-a-minuto","category-zona-gris","tag-universidad-pedagogica-nacional-unidad-oaxaca"],"jetpack_featured_media_url":"https:\/\/zonaroja.com.mx\/wp-content\/uploads\/2021\/02\/Universidad-Pedagogica-Nacional.png","jetpack_sharing_enabled":true,"_links":{"self":[{"href":"https:\/\/zonaroja.com.mx\/index.php?rest_route=\/wp\/v2\/posts\/23663","targetHints":{"allow":["GET"]}}],"collection":[{"href":"https:\/\/zonaroja.com.mx\/index.php?rest_route=\/wp\/v2\/posts"}],"about":[{"href":"https:\/\/zonaroja.com.mx\/index.php?rest_route=\/wp\/v2\/types\/post"}],"author":[{"embeddable":true,"href":"https:\/\/zonaroja.com.mx\/index.php?rest_route=\/wp\/v2\/users\/2"}],"replies":[{"embeddable":true,"href":"https:\/\/zonaroja.com.mx\/index.php?rest_route=%2Fwp%2Fv2%2Fcomments&post=23663"}],"version-history":[{"count":1,"href":"https:\/\/zonaroja.com.mx\/index.php?rest_route=\/wp\/v2\/posts\/23663\/revisions"}],"predecessor-version":[{"id":23665,"href":"https:\/\/zonaroja.com.mx\/index.php?rest_route=\/wp\/v2\/posts\/23663\/revisions\/23665"}],"wp:featuredmedia":[{"embeddable":true,"href":"https:\/\/zonaroja.com.mx\/index.php?rest_route=\/wp\/v2\/media\/23664"}],"wp:attachment":[{"href":"https:\/\/zonaroja.com.mx\/index.php?rest_route=%2Fwp%2Fv2%2Fmedia&parent=23663"}],"wp:term":[{"taxonomy":"category","embeddable":true,"href":"https:\/\/zonaroja.com.mx\/index.php?rest_route=%2Fwp%2Fv2%2Fcategories&post=23663"},{"taxonomy":"post_tag","embeddable":true,"href":"https:\/\/zonaroja.com.mx\/index.php?rest_route=%2Fwp%2Fv2%2Ftags&post=23663"}],"curies":[{"name":"wp","href":"https:\/\/api.w.org\/{rel}","templated":true}]}}