{"id":23666,"date":"2021-02-16T16:59:58","date_gmt":"2021-02-16T22:59:58","guid":{"rendered":"http:\/\/www.zonaroja.com.mx\/?p=23666"},"modified":"2021-02-16T17:00:02","modified_gmt":"2021-02-16T23:00:02","slug":"ex-trabajadores-del-ayuntamiento-capitalino-exigen-aumento-en-pensiones","status":"publish","type":"post","link":"https:\/\/zonaroja.com.mx\/?p=23666","title":{"rendered":"Ex trabajadores del ayuntamiento capitalino exigen aumento en pensiones"},"content":{"rendered":"\n<p>Yuridiana Sosa\/Zona Roja.<\/p>\n\n\n\n<p>Oaxaca de Ju\u00e1rez, Oax., 16 de febrero de 2021.- Dirigentes de cinco sindicatos del ayuntamiento de Oaxaca de Ju\u00e1rez demandaron a la autoridad municipal aumentos al sistema de pensiones y jubilaciones, as\u00ed como exigieron que el presidente municipal, Oswaldo Garc\u00eda Jarqu\u00edn, absorba los pagos restantes y evitar rezagos.<\/p>\n\n\n\n<p>En conferencia de prensa, en voz de Marcelino Coache Verano, se\u00f1alaron que la n\u00f3mina de pensionados actualmente asciende a los cinco millones 163 mil 880 pesos, pero el fondo econ\u00f3mico de pensiones solo cuenta con 20 millones de pesos, por lo que no podr\u00e1n cubrir los meses siguientes.<\/p>\n\n\n\n<p>Para comprometer al edil de la capital a cumplir con los jubilados y pensionados, demandaron a Garc\u00eda Jarqu\u00edn a que asista a la pr\u00f3xima reuni\u00f3n deJunta Directiva de Pensiones, pues tambi\u00e9n est\u00e1 pendiente el aumento a este pago que se realiza anualmente.<\/p>\n\n\n\n<p>El dirigente sindical del ayuntamiento dijo que quieren evitar rezagos en los pagos de los jubilados, como ha ocurrido en administraciones anteriores, pues los ex trabajadores tambi\u00e9n deben cubrir necesidades b\u00e1sicas, por lo que manifestaron poco inter\u00e9s en la falta de ingresos del ayuntamiento por la escasa recaudaci\u00f3n de impuestos a consecuencia de la pandemia.<\/p>\n\n\n\n<figure class=\"wp-block-embed-twitter wp-block-embed is-type-rich is-provider-twitter\"><div class=\"wp-block-embed__wrapper\">\n<div class=\"twitter-tweet\"><blockquote class=\"twitter-tweet\" data-lang=\"es\"><p lang=\"es\" dir=\"ltr\"><a href=\"https:\/\/twitter.com\/hashtag\/ENVIVO?src=hash&amp;ref_src=twsrc%5Etfw\">#ENVIVO<\/a> <br>Oaxaca de Ju\u00e1rez, Oax., 16 de febrero de 2021.- Bajo el argumento de pedir aumento al fondo de pensiones y jubilaciones, dirigentes de cinco sindicatos, entre ellos Marcelino Coache, dan su apoyo a Oswaldo Garc\u00eda Jarqu\u00edn. <br><br>Transmisi\u00f3n: \ud83d\udc47<a href=\"https:\/\/t.co\/kUcUCCwXXz\">https:\/\/t.co\/kUcUCCwXXz<\/a> <a href=\"https:\/\/t.co\/xGH1Zx2jrv\">pic.twitter.com\/xGH1Zx2jrv<\/a><\/p>&mdash; Zona Roja Oaxaca (@Zona_Roja_Oax) <a href=\"https:\/\/twitter.com\/Zona_Roja_Oax\/status\/1361727152874381312?ref_src=twsrc%5Etfw\">16 de febrero de 2021<\/a><\/blockquote><\/div>\n<\/div><\/figure>\n\n\n\n<p>Marcelino Coache dijo que actualmente son 733 pensionados, pero existen al menos otros 335 compa\u00f1eros en etapa de jubilarse por antig\u00fcedad laboral y 234 en edad para pensionarse por vejez, lo cual podr\u00eda agravar la situaci\u00f3n respecto a los pagos.<\/p>\n\n\n\n<p>El total de los trabajadores en edad laboral y de vida para jubilarse asciende a un 50 por ciento de la plantilla laboral sindicalizada en el ayuntamiento de la capital.<\/p>\n\n\n\n<p>Los demandantes forman parte de los sindicatos Independiente, del \u201c3 de Marzo\u201d, Aut\u00f3nomo, Adherido a Confederaci\u00f3n Revolucionaria De Obreros y Campesinos (CROC), Independiente 12 De Septiembre y Libre, as\u00ed como integrantes de la Junta Directiva de Pensiones del Municipio de Oaxaca.<\/p>\n","protected":false},"excerpt":{"rendered":"<p>Yuridiana Sosa\/Zona Roja. Oaxaca de Ju\u00e1rez, Oax., 16 de febrero de 2021.- Dirigentes de cinco&hellip;<\/p>\n","protected":false},"author":2,"featured_media":23667,"comment_status":"closed","ping_status":"open","sticky":false,"template":"","format":"standard","meta":{"_lmt_disableupdate":"","_lmt_disable":"","_jetpack_memberships_contains_paid_content":false,"footnotes":""},"categories":[109,47],"tags":[2315],"class_list":["post-23666","post","type-post","status-publish","format-standard","has-post-thumbnail","hentry","category-minuto-a-minuto","category-zona-gris","tag-ayuntamiento-de-oaxaca-de-juarez"],"jetpack_featured_media_url":"https:\/\/zonaroja.com.mx\/wp-content\/uploads\/2021\/02\/Pensionados-ayuntamiento.jpg","jetpack_sharing_enabled":true,"_links":{"self":[{"href":"https:\/\/zonaroja.com.mx\/index.php?rest_route=\/wp\/v2\/posts\/23666","targetHints":{"allow":["GET"]}}],"collection":[{"href":"https:\/\/zonaroja.com.mx\/index.php?rest_route=\/wp\/v2\/posts"}],"about":[{"href":"https:\/\/zonaroja.com.mx\/index.php?rest_route=\/wp\/v2\/types\/post"}],"author":[{"embeddable":true,"href":"https:\/\/zonaroja.com.mx\/index.php?rest_route=\/wp\/v2\/users\/2"}],"replies":[{"embeddable":true,"href":"https:\/\/zonaroja.com.mx\/index.php?rest_route=%2Fwp%2Fv2%2Fcomments&post=23666"}],"version-history":[{"count":1,"href":"https:\/\/zonaroja.com.mx\/index.php?rest_route=\/wp\/v2\/posts\/23666\/revisions"}],"predecessor-version":[{"id":23668,"href":"https:\/\/zonaroja.com.mx\/index.php?rest_route=\/wp\/v2\/posts\/23666\/revisions\/23668"}],"wp:featuredmedia":[{"embeddable":true,"href":"https:\/\/zonaroja.com.mx\/index.php?rest_route=\/wp\/v2\/media\/23667"}],"wp:attachment":[{"href":"https:\/\/zonaroja.com.mx\/index.php?rest_route=%2Fwp%2Fv2%2Fmedia&parent=23666"}],"wp:term":[{"taxonomy":"category","embeddable":true,"href":"https:\/\/zonaroja.com.mx\/index.php?rest_route=%2Fwp%2Fv2%2Fcategories&post=23666"},{"taxonomy":"post_tag","embeddable":true,"href":"https:\/\/zonaroja.com.mx\/index.php?rest_route=%2Fwp%2Fv2%2Ftags&post=23666"}],"curies":[{"name":"wp","href":"https:\/\/api.w.org\/{rel}","templated":true}]}}