{"id":23675,"date":"2021-02-16T21:17:51","date_gmt":"2021-02-17T03:17:51","guid":{"rendered":"http:\/\/www.zonaroja.com.mx\/?p=23675"},"modified":"2021-02-16T21:17:57","modified_gmt":"2021-02-17T03:17:57","slug":"en-febrero-van-10-personas-desaparecidas-en-oaxaca-siete-son-mujeres","status":"publish","type":"post","link":"https:\/\/zonaroja.com.mx\/?p=23675","title":{"rendered":"En febrero van 10 personas desaparecidas en Oaxaca; siete son mujeres"},"content":{"rendered":"\n<p>Yuridiana Sosa\/Zona Roja.<\/p>\n\n\n\n<p>Oaxaca de Ju\u00e1rez, Oax., 16 de febrero de 2021.- Familiares, amigos y ciudadan\u00eda buscan a Tania Leyva Mijangos, una joven reportada como desaparecida este lunes 15 de febrero en Asunci\u00f3n Nochixtl\u00e1n, Oaxaca.<\/p>\n\n\n\n<p>La fotograf\u00eda de Tania circula en redes sociales junto a las im\u00e1genes de la \u00faltima vez que fue vista, pues de acuerdo con testigos que capturaron las im\u00e1genes, aparentemente de una c\u00e1mara de vigilancia, la joven subi\u00f3 a un taxi &#8211;rojo con blanco&#8211; afiliado al FALP, marcado con el n\u00famero 17.<\/p>\n\n\n\n<p>Hasta la ma\u00f1ana de este martes, el caso de desaparici\u00f3n de Tania Leyva a\u00fan no era reportado por la Fiscal\u00eda General de Oaxaca a trav\u00e9s de la Unidad de B\u00fasqueda de Personas Desaparecidas y No Localizadas, donde siguen vigentes otros seis casos de j\u00f3venes en lo que va de febrero.<\/p>\n\n\n\n<p>En el inicio de esta semana, se public\u00f3 la ficha para localizar a Alfreda Ram\u00edrez Santiago, de 31 a\u00f1os de edad, vista por \u00faltima vez el 14 de febrero en la rancher\u00eda El Recibimiento, Santa Mar\u00eda Pe\u00f1oles, de la regi\u00f3n de Valles Centrales.<\/p>\n\n\n\n<p>Por segunda ocasi\u00f3n, la DNOL public\u00f3 el caso para encontrar a Jareth Sulzeth Gonz\u00e1lez Guill\u00e9n, de 18 a\u00f1os, a quien buscan desde el pasado 8 de febrero de 2021, en la colonia Centro, de Oaxaca de Ju\u00e1rez.<\/p>\n\n\n\n<p>Tambi\u00e9n se busca a Elsi Estefan\u00eda V\u00e1squez Reyes, menor de edad de 12 a\u00f1os, vista por \u00faltima vez el pasado 11 de febrero, en San Agust\u00edn de las Juntas, as\u00ed como Gabriela Becerril V\u00e1zquez de 16 a\u00f1os en esa misma fecha y municipio, pero en la Privada de Independencia.<\/p>\n\n\n\n<p>Mientras que Cinthia Carolina Aguilar Alas, de 37 a\u00f1os, desapareci\u00f3 desde el 7 de febrero en Santa Mar\u00eda Jalapa del Marqu\u00e9s, en el Istmo, as\u00ed como Carmen Borja Almaraz, de 16 a\u00f1os, desde el pasado 3 de febrero de 2021, en Comala, de San Pedro Pochutla.<\/p>\n\n\n\n<p>En cuanto a los varones, suman tres casos en el transcurso de este mes. La m\u00e1s reciente desaparici\u00f3n es la de Raymundo Rafael Cort\u00e9s, de 22 a\u00f1os, reportado desde el 13 de febrero en la calle de Pino Suarez, en la capital oaxaque\u00f1a.<\/p>\n\n\n\n<p>La DNOL tambi\u00e9n mantiene activa la ficha del joven Bryan Juli\u00e1n Clavel Canseco de 19 a\u00f1os, visto desde el 9 de febrero en el Barrio El Ocote de Puerto Escondido, del municipio de San Pedro Mixtepec y Luis Rosas Tenorio de 37 a\u00f1os, fue visto por \u00faltima vez el 5 febrero en la comunidad de Barbasco, en Acatl\u00e1n De P\u00e9rez Figueroa.<\/p>\n","protected":false},"excerpt":{"rendered":"<p>Yuridiana Sosa\/Zona Roja. Oaxaca de Ju\u00e1rez, Oax., 16 de febrero de 2021.- Familiares, amigos y&hellip;<\/p>\n","protected":false},"author":2,"featured_media":23676,"comment_status":"closed","ping_status":"open","sticky":false,"template":"","format":"standard","meta":{"_lmt_disableupdate":"","_lmt_disable":"","_jetpack_memberships_contains_paid_content":false,"footnotes":""},"categories":[109,47],"tags":[455],"class_list":["post-23675","post","type-post","status-publish","format-standard","has-post-thumbnail","hentry","category-minuto-a-minuto","category-zona-gris","tag-mujeres-desaparecidas-oaxaca"],"jetpack_featured_media_url":"https:\/\/zonaroja.com.mx\/wp-content\/uploads\/2021\/02\/Desaparecidas-Oaxaca.jpg","jetpack_sharing_enabled":true,"_links":{"self":[{"href":"https:\/\/zonaroja.com.mx\/index.php?rest_route=\/wp\/v2\/posts\/23675","targetHints":{"allow":["GET"]}}],"collection":[{"href":"https:\/\/zonaroja.com.mx\/index.php?rest_route=\/wp\/v2\/posts"}],"about":[{"href":"https:\/\/zonaroja.com.mx\/index.php?rest_route=\/wp\/v2\/types\/post"}],"author":[{"embeddable":true,"href":"https:\/\/zonaroja.com.mx\/index.php?rest_route=\/wp\/v2\/users\/2"}],"replies":[{"embeddable":true,"href":"https:\/\/zonaroja.com.mx\/index.php?rest_route=%2Fwp%2Fv2%2Fcomments&post=23675"}],"version-history":[{"count":1,"href":"https:\/\/zonaroja.com.mx\/index.php?rest_route=\/wp\/v2\/posts\/23675\/revisions"}],"predecessor-version":[{"id":23677,"href":"https:\/\/zonaroja.com.mx\/index.php?rest_route=\/wp\/v2\/posts\/23675\/revisions\/23677"}],"wp:featuredmedia":[{"embeddable":true,"href":"https:\/\/zonaroja.com.mx\/index.php?rest_route=\/wp\/v2\/media\/23676"}],"wp:attachment":[{"href":"https:\/\/zonaroja.com.mx\/index.php?rest_route=%2Fwp%2Fv2%2Fmedia&parent=23675"}],"wp:term":[{"taxonomy":"category","embeddable":true,"href":"https:\/\/zonaroja.com.mx\/index.php?rest_route=%2Fwp%2Fv2%2Fcategories&post=23675"},{"taxonomy":"post_tag","embeddable":true,"href":"https:\/\/zonaroja.com.mx\/index.php?rest_route=%2Fwp%2Fv2%2Ftags&post=23675"}],"curies":[{"name":"wp","href":"https:\/\/api.w.org\/{rel}","templated":true}]}}