{"id":23679,"date":"2021-02-16T21:47:58","date_gmt":"2021-02-17T03:47:58","guid":{"rendered":"http:\/\/www.zonaroja.com.mx\/?p=23679"},"modified":"2021-02-16T21:48:02","modified_gmt":"2021-02-17T03:48:02","slug":"ni-meseta-ni-descenso-covid-deja-hoy-en-oaxaca-19-muertos-y-339-positivos","status":"publish","type":"post","link":"https:\/\/zonaroja.com.mx\/?p=23679","title":{"rendered":"Ni meseta ni descenso: Covid deja hoy en Oaxaca 19 muertos y 339 positivos"},"content":{"rendered":"\n<p>Redacci\u00f3n\/Zona Roja.<\/p>\n\n\n\n<p>Oaxaca de Ju\u00e1rez, Oax., 16 de febrero de 2021.- A 11 meses de la aparici\u00f3n del Covid en Oaxaca, los casos siguen en ascenso y este martes la dependencia Servicios de Salud report\u00f3 14 decesos y 339 casos positivos; adem\u00e1s, hay 16 hospitales saturados de pacientes.<\/p>\n\n\n\n<p>En un comunicado, detall\u00f3 que desde el pasado 14 de marzo del 2020, se han acumulado 38 mil 593 contagios, 35 mil 089 pacientes se han recuperado, 764 est\u00e1n activos, 17 mil 275 son negativos y cuatro mil 544 son sospechosos. El total de decesos es de dos mil 740.<\/p>\n\n\n\n<p>Puntualiz\u00f3 que al corte de este martes se identificaron 339 casos nuevos residentes de 91 municipios, principalmente: Oaxaca de Ju\u00e1rez con 82, Heroica Ciudad de Huajuapan de Le\u00f3n con 34, Santa Cruz Xoxocotl\u00e1n con 22, Santa Luc\u00eda del Camino con 15 y San Juan Bautista Tuxtepec con 11.<\/p>\n\n\n\n<p>Asimismo se contabilizaron dos contagios, por primera vez en el ayuntamiento de San Andr\u00e9s Cabecera Nueva.<\/p>\n\n\n\n<figure class=\"wp-block-embed-twitter wp-block-embed is-type-rich is-provider-twitter\"><div class=\"wp-block-embed__wrapper\">\n<div class=\"twitter-tweet\"><blockquote class=\"twitter-tweet\" data-lang=\"es\"><p lang=\"es\" dir=\"ltr\"><a href=\"https:\/\/twitter.com\/hashtag\/%C3%9AltimoMinuto?src=hash&amp;ref_src=twsrc%5Etfw\">#\u00daltimoMinuto<\/a><br>Este martes, los Servicios de Salud de <a href=\"https:\/\/twitter.com\/hashtag\/Oaxaca?src=hash&amp;ref_src=twsrc%5Etfw\">#Oaxaca<\/a> reportaron 14 decesos por <a href=\"https:\/\/twitter.com\/hashtag\/Covid?src=hash&amp;ref_src=twsrc%5Etfw\">#Covid<\/a> en la entidad, con lo que suman dos mil 740 muertes; adem\u00e1s, 339 casos positivos, para un total de 38 mil 593 casos confirmados.<a href=\"https:\/\/twitter.com\/hashtag\/Qu%C3%A9dateEnCasa?src=hash&amp;ref_src=twsrc%5Etfw\">#Qu\u00e9dateEnCasa<\/a> <a href=\"https:\/\/t.co\/0PZzsFVMlj\">pic.twitter.com\/0PZzsFVMlj<\/a><\/p>&mdash; Zona Roja Oaxaca (@Zona_Roja_Oax) <a href=\"https:\/\/twitter.com\/Zona_Roja_Oax\/status\/1361865065410953218?ref_src=twsrc%5Etfw\">17 de febrero de 2021<\/a><\/blockquote><\/div>\n<\/div><\/figure>\n\n\n\n<p>Detall\u00f3 que Valles Centrales alcanz\u00f3 los 26 mil 629 casos acumulados, Istmo tres mil 220, Mixteca tres mil 128, Tuxtepec dos mil 378, Costa mil 913 y Sierra mil 325.<\/p>\n\n\n\n<p>Destac\u00f3 que, del 15 al 16 de febrero, se ingresaron 24 nuevos pacientes a la red de nosocomios Covid-19, para un total de 372 camas ocupadas, cifra que representa el 59.1% de saturaci\u00f3n hospitalaria global, y al corte de hoy, 16 hospitales se encuentran al 100% de ocupaci\u00f3n.<\/p>\n\n\n\n<p>Insisti\u00f3 en que la pandemia contin\u00faa siendo un riesgo para toda la poblaci\u00f3n, principalmente para los adultos mayores y quienes presentan alguna enfermedad subyacente, por lo que es importante no confiarse, evitar lugares aglomerados, usar correctamente el cubrebocas, llevar a cabo las acciones de higiene tanto en los hogares, como en la v\u00eda p\u00fablica.<\/p>\n","protected":false},"excerpt":{"rendered":"<p>Redacci\u00f3n\/Zona Roja. Oaxaca de Ju\u00e1rez, Oax., 16 de febrero de 2021.- A 11 meses de&hellip;<\/p>\n","protected":false},"author":2,"featured_media":23680,"comment_status":"closed","ping_status":"open","sticky":false,"template":"","format":"standard","meta":{"_lmt_disableupdate":"","_lmt_disable":"","_jetpack_memberships_contains_paid_content":false,"footnotes":""},"categories":[109,47],"tags":[1512],"class_list":["post-23679","post","type-post","status-publish","format-standard","has-post-thumbnail","hentry","category-minuto-a-minuto","category-zona-gris","tag-coronavirus-oaxaca"],"jetpack_featured_media_url":"https:\/\/zonaroja.com.mx\/wp-content\/uploads\/2021\/02\/SSO-1-5-1.jpeg","jetpack_sharing_enabled":true,"_links":{"self":[{"href":"https:\/\/zonaroja.com.mx\/index.php?rest_route=\/wp\/v2\/posts\/23679","targetHints":{"allow":["GET"]}}],"collection":[{"href":"https:\/\/zonaroja.com.mx\/index.php?rest_route=\/wp\/v2\/posts"}],"about":[{"href":"https:\/\/zonaroja.com.mx\/index.php?rest_route=\/wp\/v2\/types\/post"}],"author":[{"embeddable":true,"href":"https:\/\/zonaroja.com.mx\/index.php?rest_route=\/wp\/v2\/users\/2"}],"replies":[{"embeddable":true,"href":"https:\/\/zonaroja.com.mx\/index.php?rest_route=%2Fwp%2Fv2%2Fcomments&post=23679"}],"version-history":[{"count":1,"href":"https:\/\/zonaroja.com.mx\/index.php?rest_route=\/wp\/v2\/posts\/23679\/revisions"}],"predecessor-version":[{"id":23681,"href":"https:\/\/zonaroja.com.mx\/index.php?rest_route=\/wp\/v2\/posts\/23679\/revisions\/23681"}],"wp:featuredmedia":[{"embeddable":true,"href":"https:\/\/zonaroja.com.mx\/index.php?rest_route=\/wp\/v2\/media\/23680"}],"wp:attachment":[{"href":"https:\/\/zonaroja.com.mx\/index.php?rest_route=%2Fwp%2Fv2%2Fmedia&parent=23679"}],"wp:term":[{"taxonomy":"category","embeddable":true,"href":"https:\/\/zonaroja.com.mx\/index.php?rest_route=%2Fwp%2Fv2%2Fcategories&post=23679"},{"taxonomy":"post_tag","embeddable":true,"href":"https:\/\/zonaroja.com.mx\/index.php?rest_route=%2Fwp%2Fv2%2Ftags&post=23679"}],"curies":[{"name":"wp","href":"https:\/\/api.w.org\/{rel}","templated":true}]}}