{"id":23696,"date":"2021-02-17T10:41:42","date_gmt":"2021-02-17T16:41:42","guid":{"rendered":"http:\/\/www.zonaroja.com.mx\/?p=23696"},"modified":"2021-02-17T10:41:45","modified_gmt":"2021-02-17T16:41:45","slug":"matan-a-balazos-a-militante-del-prd-en-la-region-costa-de-oaxaca","status":"publish","type":"post","link":"https:\/\/zonaroja.com.mx\/?p=23696","title":{"rendered":"Matan a balazos a militante del PRD en la regi\u00f3n Costa de Oaxaca"},"content":{"rendered":"\n<p>Redacci\u00f3n\/Zona Roja.<\/p>\n\n\n\n<p>Oaxaca de Ju\u00e1rez, Oax., 17 de febrero de 2021.- Dos personas fueron asesinadas ayer en la regi\u00f3n Costa de Oaxaca, una de ella ex autoridad municipal y militante del Partido de la Revoluci\u00f3n Democr\u00e1tica, mientras que en la capital dejaron hoy una hielera con un presunto \u201cnarcomensaje\u201d.<\/p>\n\n\n\n<p>En Santiago Ixtayutla, del distrito de Jamiltepec, la tarde de este martes fue ultimado a balazos el ex edil Antonio Quiroz, cuando se encontraba en el barrio del Pante\u00f3n.<\/p>\n\n\n\n<p>A trav\u00e9s de su cuenta de Facebook, el ex diputado local por el PRD, Tom\u00e1s Basald\u00fa, confirm\u00f3 el crimen.<\/p>\n\n\n\n<p>\u201cReprobamos en\u00e9rgicamente cualquier violencia, venga de donde venga y exigimos al Fiscal General del Estado de Oaxaca Dr. Rub\u00e9n Vasconcelos el pronto esclarecimiento de este cobarde crimen y que no quede en la impunidad como muchos otros, en Santiago Ixtayutla se debe garantizarse la paz y la seguridad de los ciudadanos\u201d, escribi\u00f3 en la red social.<\/p>\n\n\n\n<p>Demand\u00f3 investigar el caso a la brevedad para localizar a los presuntos responsables del crimen.<\/p>\n\n\n\n<p>TAMBI\u00c9N EN ATOYAC<\/p>\n\n\n\n<p>Por otra parte, en San Pedro Atoyac, aproximadamente a las 200:00 horas de ayer en la calle Venustiano Carranza esquina con 5 de mayo del barrio San Nicol\u00e1s fue ultimado un individuo.<\/p>\n\n\n\n<p>Fue identificado como A. L. H. H., de 34 a\u00f1os de edad, y presenta dos impactos de arma de fuego a la altura del pecho.<\/p>\n\n\n\n<p>Y LA CAPITAL<\/p>\n\n\n\n<p>Mientras tanto, la ma\u00f1ana de este mi\u00e9rcoles, en la calle El Avi\u00f3n de la agencia de Candiani, al sur de la ciudad de Oaxaca, fue hallada una hielera, presuntamente con una cabeza de cerdo y una cartulina con mensaje amenazante.<\/p>\n\n\n\n<p>Polic\u00edas Estatales acordonaron la zona mientras que personal de la Fiscal\u00eda General del Estado inici\u00f3 las investigaciones correspondientes.<\/p>\n","protected":false},"excerpt":{"rendered":"<p>Redacci\u00f3n\/Zona Roja. Oaxaca de Ju\u00e1rez, Oax., 17 de febrero de 2021.- Dos personas fueron asesinadas&hellip;<\/p>\n","protected":false},"author":2,"featured_media":23697,"comment_status":"closed","ping_status":"open","sticky":false,"template":"","format":"standard","meta":{"_lmt_disableupdate":"","_lmt_disable":"","_jetpack_memberships_contains_paid_content":false,"footnotes":""},"categories":[109,51],"tags":[2464],"class_list":["post-23696","post","type-post","status-publish","format-standard","has-post-thumbnail","hentry","category-minuto-a-minuto","category-zona-roja","tag-santiago-ixtayutla"],"jetpack_featured_media_url":"https:\/\/zonaroja.com.mx\/wp-content\/uploads\/2021\/02\/Cabeza-Candiani-ciudad-de-Oaxaca.jpg","jetpack_sharing_enabled":true,"_links":{"self":[{"href":"https:\/\/zonaroja.com.mx\/index.php?rest_route=\/wp\/v2\/posts\/23696","targetHints":{"allow":["GET"]}}],"collection":[{"href":"https:\/\/zonaroja.com.mx\/index.php?rest_route=\/wp\/v2\/posts"}],"about":[{"href":"https:\/\/zonaroja.com.mx\/index.php?rest_route=\/wp\/v2\/types\/post"}],"author":[{"embeddable":true,"href":"https:\/\/zonaroja.com.mx\/index.php?rest_route=\/wp\/v2\/users\/2"}],"replies":[{"embeddable":true,"href":"https:\/\/zonaroja.com.mx\/index.php?rest_route=%2Fwp%2Fv2%2Fcomments&post=23696"}],"version-history":[{"count":1,"href":"https:\/\/zonaroja.com.mx\/index.php?rest_route=\/wp\/v2\/posts\/23696\/revisions"}],"predecessor-version":[{"id":23698,"href":"https:\/\/zonaroja.com.mx\/index.php?rest_route=\/wp\/v2\/posts\/23696\/revisions\/23698"}],"wp:featuredmedia":[{"embeddable":true,"href":"https:\/\/zonaroja.com.mx\/index.php?rest_route=\/wp\/v2\/media\/23697"}],"wp:attachment":[{"href":"https:\/\/zonaroja.com.mx\/index.php?rest_route=%2Fwp%2Fv2%2Fmedia&parent=23696"}],"wp:term":[{"taxonomy":"category","embeddable":true,"href":"https:\/\/zonaroja.com.mx\/index.php?rest_route=%2Fwp%2Fv2%2Fcategories&post=23696"},{"taxonomy":"post_tag","embeddable":true,"href":"https:\/\/zonaroja.com.mx\/index.php?rest_route=%2Fwp%2Fv2%2Ftags&post=23696"}],"curies":[{"name":"wp","href":"https:\/\/api.w.org\/{rel}","templated":true}]}}