{"id":23703,"date":"2021-02-17T13:16:17","date_gmt":"2021-02-17T19:16:17","guid":{"rendered":"https:\/\/www.zonaroja.com.mx\/?p=23703"},"modified":"2021-02-17T13:16:19","modified_gmt":"2021-02-17T19:16:19","slug":"indigna-detencion-injusta-y-violenta-de-joven-con-discapacidad-en-xoxo-esta-preso","status":"publish","type":"post","link":"https:\/\/zonaroja.com.mx\/?p=23703","title":{"rendered":"Indigna detenci\u00f3n injusta y violenta de joven con discapacidad en Xoxo; est\u00e1 preso"},"content":{"rendered":"\n<p class=\"MsoNormal\">Evlin Arag\u00f3n\/Zona Roja.<\/p>\n\n\n\n<p class=\"MsoNormal\">Oaxaca de Ju\u00e1rez, Oax., 17 de febrero de 2021.- Indignaci\u00f3n en las redes sociales y en la poblaci\u00f3n de Santa Cruz Xoxocotl\u00e1n, Oaxaca, ha causado la detenci\u00f3n violenta de la que fue v\u00edctima el joven Jos\u00e9 Ulises y su traslado inmediato al penal de Tanivet, en Tlacolula de Matamoros.  <\/p>\n\n\n\n<p class=\"MsoNormal\">Hu\u00e9rfano de padres y con 21 a\u00f1os de edad, Ulises -conocido como \u201cEl Rocola\u201d debido a que todo el tiempo canta, silba y tararea canciones mientras lleva a pastar a sus chivos y ovejas, principalmente en la zona de Esquipulas y colonias aleda\u00f1as- cuenta con una discapacidad mental.&nbsp;<\/p>\n\n\n\n<p class=\"MsoNormal\">De acuerdo con sus familiares debido a esta discapacidad mental, ha sido v\u00edctima de bullying y lo han atacado f\u00edsicamente en constantes ocasiones.&nbsp;&nbsp;<\/p>\n\n\n\n<p class=\"MsoNormal\">Una de las m\u00e1s recientes fue por un grupo de \u201ccholos\u201d que lo insultaron, lo golpearon y le prendieron fuego a su overol y su gorra, sin que este respondiera; sin embargo, en la \u00faltima agresi\u00f3n, a manos de otro joven identificado como Edwin Emiliano, no aguant\u00f3 m\u00e1s y respondi\u00f3 en defensa propia con machete en mano hiriendo a su agresor, quien ahora pide tres millones de pesos como reparaci\u00f3n del da\u00f1o. <\/p>\n\n\n\n<p class=\"MsoNormal\">De ah\u00ed que fue denunciado y detenido de manera violenta por elementos la polic\u00eda de Xoxocotl\u00e1n, que lo entreg\u00f3 a  la Fiscal\u00eda de Justicia del Estado de Oaxaca, quienes lo trasladaran directo al penal de Tanivet, acci\u00f3n que hoy la familia y buena parte de la poblaci\u00f3n califica de injusta, ya que la agresi\u00f3n de la que es acusado, asegura, fue en defensa propia. <\/p>\n\n\n\n<p class=\"MsoNormal\">Integrantes del Consejo Juvenil Municipal de la demarcaci\u00f3n condenaron los hechos que calificaron de injustos, ya que Ulises fue detenido de manera violenta y sin respetarles sus derechos humanos, de ah\u00ed que&nbsp;<a href=\"\/\/1\">este martes<\/a>&nbsp;se unieron a la protesta pac\u00edfica que realizaron pobladores del municipio.&nbsp;<\/p>\n\n\n\n<p class=\"MsoNormal\">Durante su manifestaci\u00f3n exigieron la liberaci\u00f3n del joven y la atenci\u00f3n directa por parte del fiscal de Oaxaca, Rub\u00e9n Vasconcelos M\u00e9ndez; as\u00ed como de la Fiscal\u00eda Especializada en Justicia para Adolescentes y la Defensor\u00eda de los Derechos Humanos del Pueblo de Oaxaca.&nbsp;<\/p>\n\n\n\n<p class=\"MsoNormal\">\u201cEsperamos recibir pronta atenci\u00f3n y soluci\u00f3n a dicha injusticia, de lo contrario de manera pac\u00edfica marcharemos y tomaremos las estancias correspondientes hasta ver soluci\u00f3n al caso\u201d, refirieron.&nbsp;&nbsp;<\/p>\n\n\n\n<p class=\"MsoNormal\">Por los hechos se pronunci\u00f3 tambi\u00e9n el edil de Santa Cruz Xoxocotl\u00e1n, Alejandro L\u00f3pez Jarqu\u00edn, quien a trav\u00e9s de sus redes sociales ofreci\u00f3 asesor\u00eda jur\u00eddica para la familia y se comprometi\u00f3 a exigir su libertad en caso de comprobarse su inocencia.&nbsp;&nbsp;<\/p>\n\n\n\n<p class=\"MsoNormal\">\u201cAnte la situaci\u00f3n jur\u00eddica del joven Jos\u00e9 Ulises C\u00e1rdenas Ib\u00e1\u00f1ez, vecino de nuestro municipio quien se encuentra sujeto a proceso acusado de lesiones calificadas, hemos contactado con lo familiares a quienes brindaremos toda la asesor\u00eda jur\u00eddica y en su caso exigir la garant\u00eda para su libertad\u201d, manifest\u00f3.&nbsp;&nbsp;<\/p>\n\n\n\n<p class=\"MsoNormal\">As\u00ed mismo, usuarios de Facebook han posicionado el hashtag #JusticiaParaUlises asegurando que se trata de una injusticia cometida por las autoridades de la Fiscal\u00eda de Oaxaca, misma que debe ser resarcida a favor del joven.&nbsp;&nbsp;<\/p>\n\n\n\n<p class=\"MsoNormal\">\u201cConozco al joven Ulises desde hace un par de a\u00f1os\u2026 siempre alegre y con muy buen sentido del humor y s\u00e9 que \u00e9l no le har\u00eda da\u00f1o a nadie. Espero que las autoridades hagan su labor y castiguen a los culpables que ocasionaron el actuar de nuestro buen amigo ULISES C\u00c1RDENAS IBA\u00d1EZ\u201d, refiere el usuario Sebastian Melgar.  <\/p>\n","protected":false},"excerpt":{"rendered":"<p>Evlin Arag\u00f3n\/Zona Roja. Oaxaca de Ju\u00e1rez, Oax., 17 de febrero de 2021.- Indignaci\u00f3n en las&hellip;<\/p>\n","protected":false},"author":2,"featured_media":23702,"comment_status":"closed","ping_status":"open","sticky":false,"template":"","format":"standard","meta":{"_lmt_disableupdate":"","_lmt_disable":"","_jetpack_memberships_contains_paid_content":false,"footnotes":""},"categories":[109,47],"tags":[2465],"class_list":["post-23703","post","type-post","status-publish","format-standard","has-post-thumbnail","hentry","category-minuto-a-minuto","category-zona-gris","tag-jose-ulises-cardenas-ibanez"],"jetpack_featured_media_url":"https:\/\/zonaroja.com.mx\/wp-content\/uploads\/2021\/02\/img_3988.jpg","jetpack_sharing_enabled":true,"_links":{"self":[{"href":"https:\/\/zonaroja.com.mx\/index.php?rest_route=\/wp\/v2\/posts\/23703","targetHints":{"allow":["GET"]}}],"collection":[{"href":"https:\/\/zonaroja.com.mx\/index.php?rest_route=\/wp\/v2\/posts"}],"about":[{"href":"https:\/\/zonaroja.com.mx\/index.php?rest_route=\/wp\/v2\/types\/post"}],"author":[{"embeddable":true,"href":"https:\/\/zonaroja.com.mx\/index.php?rest_route=\/wp\/v2\/users\/2"}],"replies":[{"embeddable":true,"href":"https:\/\/zonaroja.com.mx\/index.php?rest_route=%2Fwp%2Fv2%2Fcomments&post=23703"}],"version-history":[{"count":1,"href":"https:\/\/zonaroja.com.mx\/index.php?rest_route=\/wp\/v2\/posts\/23703\/revisions"}],"predecessor-version":[{"id":23704,"href":"https:\/\/zonaroja.com.mx\/index.php?rest_route=\/wp\/v2\/posts\/23703\/revisions\/23704"}],"wp:featuredmedia":[{"embeddable":true,"href":"https:\/\/zonaroja.com.mx\/index.php?rest_route=\/wp\/v2\/media\/23702"}],"wp:attachment":[{"href":"https:\/\/zonaroja.com.mx\/index.php?rest_route=%2Fwp%2Fv2%2Fmedia&parent=23703"}],"wp:term":[{"taxonomy":"category","embeddable":true,"href":"https:\/\/zonaroja.com.mx\/index.php?rest_route=%2Fwp%2Fv2%2Fcategories&post=23703"},{"taxonomy":"post_tag","embeddable":true,"href":"https:\/\/zonaroja.com.mx\/index.php?rest_route=%2Fwp%2Fv2%2Ftags&post=23703"}],"curies":[{"name":"wp","href":"https:\/\/api.w.org\/{rel}","templated":true}]}}