{"id":23705,"date":"2021-02-17T15:20:21","date_gmt":"2021-02-17T21:20:21","guid":{"rendered":"http:\/\/www.zonaroja.com.mx\/?p=23705"},"modified":"2021-02-17T15:20:25","modified_gmt":"2021-02-17T21:20:25","slug":"registra-oaxaca-cuatro-incendios-activos-el-mas-fuerte-en-clavellinas","status":"publish","type":"post","link":"https:\/\/zonaroja.com.mx\/?p=23705","title":{"rendered":"Registra Oaxaca cuatro incendios activos; el m\u00e1s fuerte, en Clavellinas"},"content":{"rendered":"\n<p>Yuridiana Sosa\/Zona Roja.<\/p>\n\n\n\n<p>Oaxaca de Ju\u00e1rez, Oax., 17 de febrero de 2021.- En Oaxaca siguen activos cuatro de 30 incendios acumulados en lo que va del 2021, el m\u00e1s reciente e intenso, se registra en Santiago Clavellinas, de Zimtal\u00e1n de \u00c1lvarez, que ya consumi\u00f3 una casa ocupado como tienda a orilla de la localidad.<\/p>\n\n\n\n<p>El siniestro comenz\u00f3 cerca del&nbsp; mediod\u00eda de este martes, pero se intensific\u00f3 durante la ma\u00f1ana de este d\u00eda, alcanzando la parte baja del cerro donde comenz\u00f3 el fuego.<\/p>\n\n\n\n<p>El director general de la Comisi\u00f3n Estatal Forestal (Coesfo), Alfredo Aar\u00f3n Ju\u00e1rez Cruz, report\u00f3 que el incendio se logr\u00f3 controlar la tarde de ayer hasta en un 80 por ciento.<\/p>\n\n\n\n<p>Sin embargo, en el transcurso de este mi\u00e9rcoles la poblaci\u00f3n comenz\u00f3 a pedir ayuda y a alertar de la dif\u00edcil situaci\u00f3n que padece la comunidad, pues el calor y las rachas de viento favorecieron a que las llamas crecieran.<\/p>\n\n\n\n<p>Uno de los habitantes, Juan Carlos Velasco, report\u00f3 a ZONA ROJA que el incendio consumi\u00f3 huertos frutales y una vivienda de madera que funcionaba como una tienda a orilla de la localidad, pero el fuego sigue avanzando hacia la zona centro y poblada de Clavellinas, por lo que piden ayuda inmediata.<\/p>\n\n\n\n<p>La poblaci\u00f3n a\u00fan no desaloja sus viviendas, pues siguen combatiendo el fuego para evitar que se expanda el fuego y provoque mayores p\u00e9rdidas.<\/p>\n\n\n\n<figure class=\"wp-block-embed-twitter wp-block-embed is-type-rich is-provider-twitter\"><div class=\"wp-block-embed__wrapper\">\n<div class=\"twitter-tweet\"><blockquote class=\"twitter-tweet\" data-lang=\"es\"><p lang=\"es\" dir=\"ltr\"><a href=\"https:\/\/twitter.com\/hashtag\/%C3%9AltimoMinuto?src=hash&amp;ref_src=twsrc%5Etfw\">#\u00daltimoMinuto<\/a> <br>Se sale de control el incendio forestal en Santiago Clavellinas, <a href=\"https:\/\/twitter.com\/hashtag\/Zimatl%C3%A1n?src=hash&amp;ref_src=twsrc%5Etfw\">#Zimatl\u00e1n<\/a> de \u00c1lvarez, <a href=\"https:\/\/twitter.com\/hashtag\/Oaxaca?src=hash&amp;ref_src=twsrc%5Etfw\">#Oaxaca<\/a>. <br>Alcanza viviendas y ocurren explosiones; urgen m\u00e1s apoyo de los gobiernos federal y estatal. <a href=\"https:\/\/t.co\/Szj1s9LJX8\">pic.twitter.com\/Szj1s9LJX8<\/a><\/p>&mdash; Zona Roja Oaxaca (@Zona_Roja_Oax) <a href=\"https:\/\/twitter.com\/Zona_Roja_Oax\/status\/1362129939139416064?ref_src=twsrc%5Etfw\">17 de febrero de 2021<\/a><\/blockquote><\/div>\n<\/div><\/figure>\n\n\n\n<p>Por otra parte, el siniestro registrado desde el lunes en el municipio de Santa Mar\u00eda Pe\u00f1oles, entre las localidades de Santa Catarina Estetla y San Mateo Tepantepec, en Valle Centrales, contin\u00faa y las labores para sofocarlo son complicadas debido a los fuertes vientos.<\/p>\n\n\n\n<p>Aar\u00f3n Ju\u00e1rez Cruz apunt\u00f3 que en los trabajos de combate al fuego en la zona laboran m\u00e1s de 150 personas, entre brigadistas, elementos de la Sedena y cerca de un centenar de comuneros.<\/p>\n\n\n\n<p>Las fuertes rachas de viento en la zona complican las labores de mitigaci\u00f3n, apunt\u00f3 el director, por lo que este mi\u00e9rcoles se integrar\u00e1n a los trabajos m\u00e1s elementos de la Coesfo.<\/p>\n\n\n\n<p>Al corte de esta ma\u00f1ana en la entidad se contabilizaban 30 incendios, con cuatro activos, por lo que de forma preliminar se ha contabilizado un total de dos mil 107.45 hect\u00e1reas devastadas de bosques y pastizales.<\/p>\n\n\n\n<p>Otros incendios activos se localizan en Santa Mar\u00eda Chimalapas y San Miguel Chimalapas.<\/p>\n","protected":false},"excerpt":{"rendered":"<p>Yuridiana Sosa\/Zona Roja. Oaxaca de Ju\u00e1rez, Oax., 17 de febrero de 2021.- En Oaxaca siguen&hellip;<\/p>\n","protected":false},"author":2,"featured_media":23706,"comment_status":"closed","ping_status":"open","sticky":false,"template":"","format":"standard","meta":{"_lmt_disableupdate":"","_lmt_disable":"","_jetpack_memberships_contains_paid_content":false,"footnotes":""},"categories":[109,47],"tags":[],"class_list":["post-23705","post","type-post","status-publish","format-standard","has-post-thumbnail","hentry","category-minuto-a-minuto","category-zona-gris"],"jetpack_featured_media_url":"https:\/\/zonaroja.com.mx\/wp-content\/uploads\/2021\/02\/Incendio-Clavellinas.jpg","jetpack_sharing_enabled":true,"_links":{"self":[{"href":"https:\/\/zonaroja.com.mx\/index.php?rest_route=\/wp\/v2\/posts\/23705","targetHints":{"allow":["GET"]}}],"collection":[{"href":"https:\/\/zonaroja.com.mx\/index.php?rest_route=\/wp\/v2\/posts"}],"about":[{"href":"https:\/\/zonaroja.com.mx\/index.php?rest_route=\/wp\/v2\/types\/post"}],"author":[{"embeddable":true,"href":"https:\/\/zonaroja.com.mx\/index.php?rest_route=\/wp\/v2\/users\/2"}],"replies":[{"embeddable":true,"href":"https:\/\/zonaroja.com.mx\/index.php?rest_route=%2Fwp%2Fv2%2Fcomments&post=23705"}],"version-history":[{"count":1,"href":"https:\/\/zonaroja.com.mx\/index.php?rest_route=\/wp\/v2\/posts\/23705\/revisions"}],"predecessor-version":[{"id":23707,"href":"https:\/\/zonaroja.com.mx\/index.php?rest_route=\/wp\/v2\/posts\/23705\/revisions\/23707"}],"wp:featuredmedia":[{"embeddable":true,"href":"https:\/\/zonaroja.com.mx\/index.php?rest_route=\/wp\/v2\/media\/23706"}],"wp:attachment":[{"href":"https:\/\/zonaroja.com.mx\/index.php?rest_route=%2Fwp%2Fv2%2Fmedia&parent=23705"}],"wp:term":[{"taxonomy":"category","embeddable":true,"href":"https:\/\/zonaroja.com.mx\/index.php?rest_route=%2Fwp%2Fv2%2Fcategories&post=23705"},{"taxonomy":"post_tag","embeddable":true,"href":"https:\/\/zonaroja.com.mx\/index.php?rest_route=%2Fwp%2Fv2%2Ftags&post=23705"}],"curies":[{"name":"wp","href":"https:\/\/api.w.org\/{rel}","templated":true}]}}