{"id":2371,"date":"2019-07-19T07:11:56","date_gmt":"2019-07-19T12:11:56","guid":{"rendered":"http:\/\/www.zonaroja.com.mx\/?p=2371"},"modified":"2019-07-19T07:11:59","modified_gmt":"2019-07-19T12:11:59","slug":"van-18-secuestros-en-medio-ano-un-plagiado-fue-asesinado","status":"publish","type":"post","link":"https:\/\/zonaroja.com.mx\/?p=2371","title":{"rendered":"Van 18 secuestros en medio a\u00f1o; un plagiado fue asesinado"},"content":{"rendered":"\n<p>Redacci\u00f3n<\/p>\n\n\n\n<p>Oaxaca de\nJu\u00e1rez, Oax., 19 de julio de 2019.- De enero a junio de 2019 han ocurrido 18\nsecuestros, en cuyos casos uno de los plagiados falleci\u00f3 pese a pagar el\nrescate, confirm\u00f3 la Fiscal\u00eda General del Estado, que se\u00f1al\u00f3 que hay al menos\n16 personas bajo proceso por esos delitos. <\/p>\n\n\n\n<p>En\nconferencia de prensa anoche ante algunos medios de comunicaci\u00f3n, el fiscal Rub\u00e9n\nVasconcelos M\u00e9ndez confirm\u00f3 la liberaci\u00f3n del joven Miguel de Jes\u00fas Hern\u00e1ndez\nJu\u00e1rez, aunque se reserv\u00f3 dar detalles si se pag\u00f3 rescate o fue hallado por\ntrabajo de la Unidad de Combate al Secuestro.<\/p>\n\n\n\n<p>&#8211;No fue un\noperativo para liberarlo, \u00bffue una negociaci\u00f3n y se logr\u00f3?<\/p>\n\n\n\n<p>&#8211;No puedo\ndar muchos detalles, de acuerdo con la familia, por respeto a la familia lo que\nsucedi\u00f3 en este caso. Lo que s\u00ed puedo asegurar es que la intervenci\u00f3n de la Fiscal\u00eda,\na trav\u00e9s de su Unidad contra el Secuestro, logr\u00f3 que el joven que estaba\nsecuestrado, haya vuelto con vida, en muy buen estado de salud.<\/p>\n\n\n\n<p>&#8211;\u00bfHay alguna\npista que se est\u00e9 siguiendo en particular?<\/p>\n\n\n\n<p>&#8211;Tenemos mucha informaci\u00f3n ya recabada, lo que ahora sigue es hacer que estas personas paguen por lo que hicieron \u2013respondi\u00f3 al sitio informativo www.vivonoticias.mx.<\/p>\n\n\n\n<figure class=\"wp-block-embed-twitter wp-block-embed is-type-rich is-provider-twitter\"><div class=\"wp-block-embed__wrapper\">\n<div class=\"twitter-tweet\"><blockquote class=\"twitter-tweet\" data-lang=\"es\"><p lang=\"es\" dir=\"ltr\">La fiscal\u00eda, tras la pista de los secuestradores del hijo de \u201cMole y Chocolate Juquilita\u201d <a href=\"https:\/\/t.co\/UQQIK9rWjd\">pic.twitter.com\/UQQIK9rWjd<\/a><\/p>&mdash; Vivo Noticias (@VivoNoticiasMX) <a href=\"https:\/\/twitter.com\/VivoNoticiasMX\/status\/1152076316176351233?ref_src=twsrc%5Etfw\">19 de julio de 2019<\/a><\/blockquote><\/div>\n<\/div><\/figure>\n\n\n\n<p>De acuerdo\ncon fuentes al interior de la instancia de procuraci\u00f3n de justicia, la Unidad\nde Combate al Secuestro \u00fanicamente asesor\u00f3, a petici\u00f3n de la familia, para\nnegociar el monto del rescate, que hasta ahora se dice fue de entre tres y seis\nmillones de pesos.<\/p>\n\n\n\n<p>Miguel de\nJes\u00fas, de aproximadamente 22 a\u00f1os de edad, fue plagiado la ma\u00f1ana del mi\u00e9rcoles\nen la calle La Noria casi esquina con Gonz\u00e1lez Ortega, centro de la ciudad de\nOaxaca, cuando se trasladaba a bordo de su veh\u00edculo.<\/p>\n","protected":false},"excerpt":{"rendered":"<p>Redacci\u00f3n Oaxaca de Ju\u00e1rez, Oax., 19 de julio de 2019.- De enero a junio de&hellip;<\/p>\n","protected":false},"author":2,"featured_media":2018,"comment_status":"closed","ping_status":"open","sticky":false,"template":"","format":"standard","meta":{"_lmt_disableupdate":"","_lmt_disable":"","_jetpack_memberships_contains_paid_content":false,"footnotes":""},"categories":[109,51],"tags":[59,367],"class_list":["post-2371","post","type-post","status-publish","format-standard","has-post-thumbnail","hentry","category-minuto-a-minuto","category-zona-roja","tag-fiscalia-general-del-estado","tag-liberan-a-joven-secuestrado-hijo-de-empresario"],"jetpack_featured_media_url":"https:\/\/zonaroja.com.mx\/wp-content\/uploads\/2019\/07\/IMG_5415.jpg","jetpack_sharing_enabled":true,"_links":{"self":[{"href":"https:\/\/zonaroja.com.mx\/index.php?rest_route=\/wp\/v2\/posts\/2371","targetHints":{"allow":["GET"]}}],"collection":[{"href":"https:\/\/zonaroja.com.mx\/index.php?rest_route=\/wp\/v2\/posts"}],"about":[{"href":"https:\/\/zonaroja.com.mx\/index.php?rest_route=\/wp\/v2\/types\/post"}],"author":[{"embeddable":true,"href":"https:\/\/zonaroja.com.mx\/index.php?rest_route=\/wp\/v2\/users\/2"}],"replies":[{"embeddable":true,"href":"https:\/\/zonaroja.com.mx\/index.php?rest_route=%2Fwp%2Fv2%2Fcomments&post=2371"}],"version-history":[{"count":1,"href":"https:\/\/zonaroja.com.mx\/index.php?rest_route=\/wp\/v2\/posts\/2371\/revisions"}],"predecessor-version":[{"id":2372,"href":"https:\/\/zonaroja.com.mx\/index.php?rest_route=\/wp\/v2\/posts\/2371\/revisions\/2372"}],"wp:featuredmedia":[{"embeddable":true,"href":"https:\/\/zonaroja.com.mx\/index.php?rest_route=\/wp\/v2\/media\/2018"}],"wp:attachment":[{"href":"https:\/\/zonaroja.com.mx\/index.php?rest_route=%2Fwp%2Fv2%2Fmedia&parent=2371"}],"wp:term":[{"taxonomy":"category","embeddable":true,"href":"https:\/\/zonaroja.com.mx\/index.php?rest_route=%2Fwp%2Fv2%2Fcategories&post=2371"},{"taxonomy":"post_tag","embeddable":true,"href":"https:\/\/zonaroja.com.mx\/index.php?rest_route=%2Fwp%2Fv2%2Ftags&post=2371"}],"curies":[{"name":"wp","href":"https:\/\/api.w.org\/{rel}","templated":true}]}}