{"id":23715,"date":"2021-02-17T21:02:41","date_gmt":"2021-02-18T03:02:41","guid":{"rendered":"http:\/\/www.zonaroja.com.mx\/?p=23715"},"modified":"2021-02-17T21:19:55","modified_gmt":"2021-02-18T03:19:55","slug":"el-dia-que-amlo-defendio-a-salgado-macedonio-acusado-de-violacion","status":"publish","type":"post","link":"https:\/\/zonaroja.com.mx\/?p=23715","title":{"rendered":"El d\u00eda que AMLO defendi\u00f3 a Salgado Macedonio, acusado de violaci\u00f3n"},"content":{"rendered":"\n<p>Redacci\u00f3n\/Zona Roja Cdmx.<\/p>\n\n\n\n<p>Ciudad de M\u00e9xico, 17 de febrero de 2021.- Mientras legisladores y simpatizantes del Partido Morena en Guerrero y en el pa\u00eds piden frenar la designaci\u00f3n de F\u00e9lix Salgado Macedonio como candidato a gobernador, el Presidente Andr\u00e9s Manuel L\u00f3pez Obrador lo defendi\u00f3.<\/p>\n\n\n\n<p>En la conferencia matutina de este mi\u00e9rcoles, el mandatario de M\u00e9xico dijo a pregunta expresa, que son acusaciones que se hacen en el marco de la jornada electoral.<\/p>\n\n\n\n<p>\u201cYa dije que son tiempos de elecciones y hay acusaciones de todo tipo\u201d, manifest\u00f3 L\u00f3pez Obrador en la conferencia de prensa.<\/p>\n\n\n\n<p>Sobre el exsenador guerrerense pesan tres denuncias por violaci\u00f3n y se\u00f1alamientos por abuso y acoso sexual. Estas acusaciones fueron valoradas esta semana por el Consejo de Honor y Justicia del partido del presidente, una especie de \u00e1rea de asuntos internos partidistas.<\/p>\n\n\n\n<p>&#8211;\u201c\u00bfAunque hay denuncias presentadas, est\u00e1 la v\u00edctima y muchos en Morena est\u00e1n en contra de la candidatura?\u201d &#8211;cuestion\u00f3 una periodista.<\/p>\n\n\n\n<p>&#8211;\u201cSi se hacen encuestas y la gente dice estoy de acuerdo con este compa\u00f1ero, se debe de respetar porque la pol\u00edtica es asunto de todos, no de las \u00e9lites\u201d, respondi\u00f3 el Presidente.<\/p>\n\n\n\n<figure class=\"wp-block-embed-twitter wp-block-embed is-type-rich is-provider-twitter\"><div class=\"wp-block-embed__wrapper\">\n<div class=\"twitter-tweet\"><blockquote class=\"twitter-tweet\" data-lang=\"es\"><p lang=\"es\" dir=\"ltr\"><a href=\"https:\/\/twitter.com\/hashtag\/PresidenteRompaElPacto?src=hash&amp;ref_src=twsrc%5Etfw\">#PresidenteRompaElPacto<\/a> patriarcal y de impunidad con F\u00e9lix Salgado Macedonio (<a href=\"https:\/\/twitter.com\/FelixSalMac?ref_src=twsrc%5Etfw\">@FelixSalMac<\/a>). <br><br>As\u00ed defendi\u00f3 hoy el mandatario <a href=\"https:\/\/twitter.com\/lopezobrador_?ref_src=twsrc%5Etfw\">@lopezobrador_<\/a> al candidato de Morena a la gubernatura de <a href=\"https:\/\/twitter.com\/hashtag\/Guerrero?src=hash&amp;ref_src=twsrc%5Etfw\">#Guerrero<\/a>: <a href=\"https:\/\/t.co\/pmyCcuNwux\">pic.twitter.com\/pmyCcuNwux<\/a><\/p>&mdash; Zona Roja Oaxaca (@Zona_Roja_Oax) <a href=\"https:\/\/twitter.com\/Zona_Roja_Oax\/status\/1362229859704066049?ref_src=twsrc%5Etfw\">18 de febrero de 2021<\/a><\/blockquote><\/div>\n<\/div><\/figure>\n\n\n\n<p>El nombramiento ha ocasionado duras cr\u00edticas de m\u00e1s de un centenar de mujeres militantes de su formaci\u00f3n, incluidas varias senadoras y diputadas federales. La investigaci\u00f3n de la Comisi\u00f3n de Honestidad y Justicia deber\u00e1 llegar a una conclusi\u00f3n en los pr\u00f3ximos d\u00edas.<\/p>\n\n\n\n<p>Este lunes compareci\u00f3 ante el organismo Basilia Casta\u00f1eda, una de las mujeres que asegura haber sido violada por el pol\u00edtico en 1998, cuando era menor de edad. Pidi\u00f3 a L\u00f3pez Obrador que \u201cno defienda a un violador\u201d.<\/p>\n\n\n\n<p>Tras las aseveraciones del mandatario a trav\u00e9s de redes sociales, diversas activistas y legisladores posicionaron la etiqueta #PresidenteRompaElPacto.<\/p>\n\n\n\n<p>En tanto, diputadas federales de Morena exigieron a la dirigencia nacional de su partido retirarle a F\u00e9lix Salgado Macedonio la candidatura al gobierno de Guerrero, por considerar que la militancia morenista no puede ser representada por alguien acusado del delito de violaci\u00f3n.<\/p>\n\n\n\n<p>\u201cPor supuesto que estamos pidiendo se reconsidere esta postulaci\u00f3n; Morena no puede tener un representante que est\u00e1 siendo acusado por no nada m\u00e1s por una persona, sino varias, por estos delitos tan graves como es la violaci\u00f3n\u201d, puntualiz\u00f3 la legisladora Laura Imelda P\u00e9rez.<\/p>\n\n\n\n<p>Reafirm\u00f3 as\u00ed la exigencia de las diputadas Wendy Brice\u00f1o, Lorena Villavicencio, Roc\u00edo Villarauz y ella misma para retirar la candidatura al senador con licencia.<\/p>\n\n\n\n<p>(Con informaci\u00f3n de agencias)<\/p>\n","protected":false},"excerpt":{"rendered":"<p>Redacci\u00f3n\/Zona Roja Cdmx. Ciudad de M\u00e9xico, 17 de febrero de 2021.- Mientras legisladores y simpatizantes&hellip;<\/p>\n","protected":false},"author":2,"featured_media":23716,"comment_status":"closed","ping_status":"open","sticky":false,"template":"","format":"standard","meta":{"_lmt_disableupdate":"","_lmt_disable":"","_jetpack_memberships_contains_paid_content":false,"footnotes":""},"categories":[109,47],"tags":[2352],"class_list":["post-23715","post","type-post","status-publish","format-standard","has-post-thumbnail","hentry","category-minuto-a-minuto","category-zona-gris","tag-felix-salgado-macedonio"],"jetpack_featured_media_url":"https:\/\/zonaroja.com.mx\/wp-content\/uploads\/2021\/02\/Presidente-rompa-el-pacto.jpg","jetpack_sharing_enabled":true,"_links":{"self":[{"href":"https:\/\/zonaroja.com.mx\/index.php?rest_route=\/wp\/v2\/posts\/23715","targetHints":{"allow":["GET"]}}],"collection":[{"href":"https:\/\/zonaroja.com.mx\/index.php?rest_route=\/wp\/v2\/posts"}],"about":[{"href":"https:\/\/zonaroja.com.mx\/index.php?rest_route=\/wp\/v2\/types\/post"}],"author":[{"embeddable":true,"href":"https:\/\/zonaroja.com.mx\/index.php?rest_route=\/wp\/v2\/users\/2"}],"replies":[{"embeddable":true,"href":"https:\/\/zonaroja.com.mx\/index.php?rest_route=%2Fwp%2Fv2%2Fcomments&post=23715"}],"version-history":[{"count":2,"href":"https:\/\/zonaroja.com.mx\/index.php?rest_route=\/wp\/v2\/posts\/23715\/revisions"}],"predecessor-version":[{"id":23718,"href":"https:\/\/zonaroja.com.mx\/index.php?rest_route=\/wp\/v2\/posts\/23715\/revisions\/23718"}],"wp:featuredmedia":[{"embeddable":true,"href":"https:\/\/zonaroja.com.mx\/index.php?rest_route=\/wp\/v2\/media\/23716"}],"wp:attachment":[{"href":"https:\/\/zonaroja.com.mx\/index.php?rest_route=%2Fwp%2Fv2%2Fmedia&parent=23715"}],"wp:term":[{"taxonomy":"category","embeddable":true,"href":"https:\/\/zonaroja.com.mx\/index.php?rest_route=%2Fwp%2Fv2%2Fcategories&post=23715"},{"taxonomy":"post_tag","embeddable":true,"href":"https:\/\/zonaroja.com.mx\/index.php?rest_route=%2Fwp%2Fv2%2Ftags&post=23715"}],"curies":[{"name":"wp","href":"https:\/\/api.w.org\/{rel}","templated":true}]}}