{"id":23728,"date":"2021-02-18T07:33:18","date_gmt":"2021-02-18T13:33:18","guid":{"rendered":"http:\/\/www.zonaroja.com.mx\/?p=23728"},"modified":"2021-02-18T07:33:21","modified_gmt":"2021-02-18T13:33:21","slug":"madre-de-miss-oaxaca-asegura-que-fabricaron-delitos-a-su-hija","status":"publish","type":"post","link":"https:\/\/zonaroja.com.mx\/?p=23728","title":{"rendered":"Madre de Miss Oaxaca asegura que fabricaron delitos a su hija"},"content":{"rendered":"\n<p>Redacci\u00f3n\/Zona Roja Cdmx.<\/p>\n\n\n\n<p>Ciudad de M\u00e9xico, 18 de febrero de 2021.- Mar\u00eda del Carmen G\u00f3mez, madre de la Miss Oaxaca, Laura Mojica, afirm\u00f3 que su hija fue detenida y recibi\u00f3 auto de formal prisi\u00f3n por secuestro tras una fabricaci\u00f3n de delitos de la Fiscal\u00eda General del Estado (FGE) en Veracruz.<\/p>\n\n\n\n<p>Expres\u00f3 que su hija fue detenida en Amozoc, Puebla, cuando viajaba con otras personas a bordo de dos camionetas, pero que ella no est\u00e1 implicada en el secuestro de un empresario, como la acusan en seis hojas de la carpeta de investigaci\u00f3n.<\/p>\n\n\n\n<p>\u00abPienso que a mi hija le fabricaron ese problema, porque ella nunca ha andado en esas cosas\u00bb, expres\u00f3 al programa &#8216;Pi\u00f1ero, Periodismo y Debate&#8217;.<\/p>\n\n\n\n<p>\u00abLaura iba hacia el estado de Quer\u00e9taro porque all\u00e1 iba a trabajar, entonces la detuvieron cerca de la caseta de Amozoc, porque ella me lo dijo, iban otros se\u00f1ores ah\u00ed, dos mujeres m\u00e1s y otras dos personas, iban dos camionetas\u00bb.<\/p>\n\n\n\n<p>En el medio local de la zona lim\u00edtrofe entre Veracruz y Oaxaca, tambi\u00e9n expuso que desconoce si las otras siete personas que recibieron auto de formal prisi\u00f3n son culpables del delito de secuestro.<\/p>\n\n\n\n<p>\u00abElla no debe nada, es inocente, se han presentado pruebas, se han desahogado pruebas que han pedido y a\u00fan as\u00ed le cargan otras cosas y no es justo. Es el momento de enfatizar la justicia, al igual que \u00e9l (Gobernador de Veracruz, Cuitl\u00e1huac Garc\u00eda), repruebo el secuestro, pero la injusticia que est\u00e1n cometiendo con mi hija me hace sentir miedo, mi hija fue v\u00edctima de un delito fabricado\u00bb, a\u00f1adi\u00f3.<\/p>\n\n\n\n<p>El pasado fin de semana, adem\u00e1s de Laura Mojica tambi\u00e9n recibieron dos meses de prisi\u00f3n la ex regidora Mar\u00eda del Rosario &#8216;N&#8217;, los dos hijos de Mar\u00eda, C\u00e9sar y Jossiel, as\u00ed como Diego &#8216;N&#8217;, Ana Martha &#8216;N&#8217;, Ra\u00fal &#8216;N&#8217; y Luis Antonio &#8216;N&#8217;<\/p>\n\n\n\n<p>(Informaci\u00f3n del diario \u201cReforma\u201d)<\/p>\n","protected":false},"excerpt":{"rendered":"<p>Redacci\u00f3n\/Zona Roja Cdmx. Ciudad de M\u00e9xico, 18 de febrero de 2021.- Mar\u00eda del Carmen G\u00f3mez,&hellip;<\/p>\n","protected":false},"author":2,"featured_media":23568,"comment_status":"closed","ping_status":"open","sticky":false,"template":"","format":"standard","meta":{"_lmt_disableupdate":"","_lmt_disable":"","_jetpack_memberships_contains_paid_content":false,"footnotes":""},"categories":[109,47],"tags":[2450],"class_list":["post-23728","post","type-post","status-publish","format-standard","has-post-thumbnail","hentry","category-minuto-a-minuto","category-zona-gris","tag-laura-mojica-romero"],"jetpack_featured_media_url":"https:\/\/zonaroja.com.mx\/wp-content\/uploads\/2021\/02\/Laura-Mojica.jpg","jetpack_sharing_enabled":true,"_links":{"self":[{"href":"https:\/\/zonaroja.com.mx\/index.php?rest_route=\/wp\/v2\/posts\/23728","targetHints":{"allow":["GET"]}}],"collection":[{"href":"https:\/\/zonaroja.com.mx\/index.php?rest_route=\/wp\/v2\/posts"}],"about":[{"href":"https:\/\/zonaroja.com.mx\/index.php?rest_route=\/wp\/v2\/types\/post"}],"author":[{"embeddable":true,"href":"https:\/\/zonaroja.com.mx\/index.php?rest_route=\/wp\/v2\/users\/2"}],"replies":[{"embeddable":true,"href":"https:\/\/zonaroja.com.mx\/index.php?rest_route=%2Fwp%2Fv2%2Fcomments&post=23728"}],"version-history":[{"count":1,"href":"https:\/\/zonaroja.com.mx\/index.php?rest_route=\/wp\/v2\/posts\/23728\/revisions"}],"predecessor-version":[{"id":23729,"href":"https:\/\/zonaroja.com.mx\/index.php?rest_route=\/wp\/v2\/posts\/23728\/revisions\/23729"}],"wp:featuredmedia":[{"embeddable":true,"href":"https:\/\/zonaroja.com.mx\/index.php?rest_route=\/wp\/v2\/media\/23568"}],"wp:attachment":[{"href":"https:\/\/zonaroja.com.mx\/index.php?rest_route=%2Fwp%2Fv2%2Fmedia&parent=23728"}],"wp:term":[{"taxonomy":"category","embeddable":true,"href":"https:\/\/zonaroja.com.mx\/index.php?rest_route=%2Fwp%2Fv2%2Fcategories&post=23728"},{"taxonomy":"post_tag","embeddable":true,"href":"https:\/\/zonaroja.com.mx\/index.php?rest_route=%2Fwp%2Fv2%2Ftags&post=23728"}],"curies":[{"name":"wp","href":"https:\/\/api.w.org\/{rel}","templated":true}]}}