{"id":23730,"date":"2021-02-18T07:51:03","date_gmt":"2021-02-18T13:51:03","guid":{"rendered":"http:\/\/www.zonaroja.com.mx\/?p=23730"},"modified":"2021-02-18T07:51:07","modified_gmt":"2021-02-18T13:51:07","slug":"reclusorios-de-oaxaca-entre-los-15-con-menos-internos-enfermos-de-covid-19","status":"publish","type":"post","link":"https:\/\/zonaroja.com.mx\/?p=23730","title":{"rendered":"Reclusorios de Oaxaca, entre los 15 con menos internos enfermos de Covid-19"},"content":{"rendered":"\n<p>Yuridiana Sosa\/Zona Roja.<\/p>\n\n\n\n<p>Oaxaca de Ju\u00e1rez, Oax., 18 de febrero de 2021.-&nbsp; En el transcurso de la pandemia, en M\u00e9xico se ha registrado un acumulado de tres mil 201 casos de Covid-19 en el interior de los centros penitenciarios; Oaxaca se ha mantenido entre las entidades con un bajo \u00edndice de enfermos.<\/p>\n\n\n\n<p>As\u00ed lo demuestran cifras publicadas por la organizaci\u00f3n nacional Documenta, que trabaja en construir un sistema de justicia respetuoso de los derechos humanos de las personas privadas de la libertad, desde hace una d\u00e9cada.<\/p>\n\n\n\n<p>La asociaci\u00f3n civil realiz\u00f3 un monitoreo para identificar cu\u00e1les son las medidas de prevenci\u00f3n que realmente se est\u00e1n implementando en las prisiones, ante la falta de informaci\u00f3n sobre el Protocolo de actuaci\u00f3n para la atenci\u00f3n de Covid-19 al interior de los Centros Federales de Reinserci\u00f3n Social (Ceferesos) que anunci\u00f3 el gobierno federal.<\/p>\n\n\n\n<p>Entre los resultados se detect\u00f3 que Oaxaca cuenta al corte del 1 al 7 de febrero &#8211;el m\u00e1s reciente en el monitoreo&#8211; con 36 casos al interior de estos espacios,  lo que lo posiciona como la entidad 15 con menos, mientras que el nivel m\u00e1s bajo lo report\u00f3 Michoac\u00e1n con dos.<\/p>\n\n\n\n<p>Los casos en esta entidad entre las personas privadas de su libertad comenzaron en la semana del 25 al 31 de mayo, con siete enfermos, indic\u00f3 el reporte.<\/p>\n\n\n\n<p>Para la semana del 29 de junio al 5 de julio la cifra ascendi\u00f3 a 18; entre el 6 y 12 de julio subi\u00f3 a 20 casos y entre el 20 y 26 de julio se contabilizaron 27.<\/p>\n\n\n\n<p>La cifra increment\u00f3 a 30 entre el 10 y 16 de agosto; a 35 entre el 31 de agosto y 6 de septiembre, as\u00ed como desde el 26 de octubre al 7 de febrero, las estad\u00edsticas marcan 36 casos por semana.<\/p>\n\n\n\n<p>Pero, en Oaxaca la organizaci\u00f3n Documenta no report\u00f3 datos sobre las medidas que se aplican en los centros penitenciarios. A nivel nacional, han perdido la vida al interior de los Ceferesos 248 personas.<\/p>\n\n\n\n<p>\u201cLas personas privadas de la libertad en c\u00e1rceles mexicanas se encuentran en una situaci\u00f3n de mayor riesgo ante la emergencia sanitaria por Covid-19\u201d, manifest\u00f3 la organizaci\u00f3n, la cual apoy\u00f3 su investigaci\u00f3n en notas period\u00edsticas, informaci\u00f3n presentada por la Comisi\u00f3n Nacional de Derechos Humanos (CNDH), seguimiento a anuncios oficiales, di\u00e1logo directo con familiares y acompa\u00f1antes de personas privadas de la libertad, as\u00ed como un cuestionario dirigido a esta poblaci\u00f3n.<\/p>\n","protected":false},"excerpt":{"rendered":"<p>Yuridiana Sosa\/Zona Roja. Oaxaca de Ju\u00e1rez, Oax., 18 de febrero de 2021.-&nbsp; En el transcurso&hellip;<\/p>\n","protected":false},"author":2,"featured_media":22251,"comment_status":"closed","ping_status":"open","sticky":false,"template":"","format":"standard","meta":{"_lmt_disableupdate":"","_lmt_disable":"","_jetpack_memberships_contains_paid_content":false,"footnotes":""},"categories":[109,47],"tags":[175],"class_list":["post-23730","post","type-post","status-publish","format-standard","has-post-thumbnail","hentry","category-minuto-a-minuto","category-zona-gris","tag-secretaria-de-seguridad-publica-de-oaxaca"],"jetpack_featured_media_url":"https:\/\/zonaroja.com.mx\/wp-content\/uploads\/2021\/01\/Internos-centro-penitenciario.jpg","jetpack_sharing_enabled":true,"_links":{"self":[{"href":"https:\/\/zonaroja.com.mx\/index.php?rest_route=\/wp\/v2\/posts\/23730","targetHints":{"allow":["GET"]}}],"collection":[{"href":"https:\/\/zonaroja.com.mx\/index.php?rest_route=\/wp\/v2\/posts"}],"about":[{"href":"https:\/\/zonaroja.com.mx\/index.php?rest_route=\/wp\/v2\/types\/post"}],"author":[{"embeddable":true,"href":"https:\/\/zonaroja.com.mx\/index.php?rest_route=\/wp\/v2\/users\/2"}],"replies":[{"embeddable":true,"href":"https:\/\/zonaroja.com.mx\/index.php?rest_route=%2Fwp%2Fv2%2Fcomments&post=23730"}],"version-history":[{"count":1,"href":"https:\/\/zonaroja.com.mx\/index.php?rest_route=\/wp\/v2\/posts\/23730\/revisions"}],"predecessor-version":[{"id":23731,"href":"https:\/\/zonaroja.com.mx\/index.php?rest_route=\/wp\/v2\/posts\/23730\/revisions\/23731"}],"wp:featuredmedia":[{"embeddable":true,"href":"https:\/\/zonaroja.com.mx\/index.php?rest_route=\/wp\/v2\/media\/22251"}],"wp:attachment":[{"href":"https:\/\/zonaroja.com.mx\/index.php?rest_route=%2Fwp%2Fv2%2Fmedia&parent=23730"}],"wp:term":[{"taxonomy":"category","embeddable":true,"href":"https:\/\/zonaroja.com.mx\/index.php?rest_route=%2Fwp%2Fv2%2Fcategories&post=23730"},{"taxonomy":"post_tag","embeddable":true,"href":"https:\/\/zonaroja.com.mx\/index.php?rest_route=%2Fwp%2Fv2%2Ftags&post=23730"}],"curies":[{"name":"wp","href":"https:\/\/api.w.org\/{rel}","templated":true}]}}