{"id":23732,"date":"2021-02-18T07:58:58","date_gmt":"2021-02-18T13:58:58","guid":{"rendered":"http:\/\/www.zonaroja.com.mx\/?p=23732"},"modified":"2021-02-18T07:59:04","modified_gmt":"2021-02-18T13:59:04","slug":"reinicio-de-vacunacion-e-inauguracion-de-obras-destacan-en-visita-de-amlo","status":"publish","type":"post","link":"https:\/\/zonaroja.com.mx\/?p=23732","title":{"rendered":"Reinicio de vacunaci\u00f3n e inauguraci\u00f3n de obras, destacan en visita de AMLO"},"content":{"rendered":"\n<p>Evlin Arag\u00f3n\/Zona Roja.<\/p>\n\n\n\n<p>Oaxaca de Ju\u00e1rez, Oax., 18 de febrero de 2021.- La reactivaci\u00f3n del plan de vacunaci\u00f3n por parte del Gobierno Federal ha sido bien aceptada por parte de la poblaci\u00f3n en todo el pa\u00eds, de manera particular en Oaxaca que se ha dado en las zonas con mayor marginaci\u00f3n para atender a mujeres y hombres mayores de 60 a\u00f1os.<\/p>\n\n\n\n<p>As\u00ed lo manifest\u00f3 Jos\u00e9 Alfredo Jim\u00e9nez G\u00f3mez, militante del Partido Morena, quien celebr\u00f3 no s\u00f3lo el reinicio de la campa\u00f1a sino tambi\u00e9n la m\u00e1s reciente visita del Presidente de la Rep\u00fablica, Andr\u00e9s Manuel L\u00f3pez Obrador, en donde tambi\u00e9n inaugur\u00f3 obras en beneficio de las poblaciones ind\u00edgenas.&nbsp;<\/p>\n\n\n\n<p>De acuerdo con Jim\u00e9nez G\u00f3mez, pese a la limitante en el acceso a la inmunizaci\u00f3n a nivel mundial, de la cual ya han dado cuenta varios pa\u00edses del mundo, el gobierno mexicano ha hecho grandes esfuerzos para adquirir y distribuir la vacuna en todo el territorio, siendo el personal m\u00e9dico y las personas adultas los primeros sectores a atender.&nbsp;<\/p>\n\n\n\n<p>Detall\u00f3 que el proceso es lento no por responsabilidad de las autoridades, sino por un tema de rezago en la producci\u00f3n por parte de las farmac\u00e9uticas y la alta demanda que tiene la sustancia activa que previene el contagio de SARS-CoV2 en todo el mundo.&nbsp;<\/p>\n\n\n\n<p>\u201cTodos queremos que sea con celeridad que llegue la vacuna, pero hay que tener paciencia y seguirnos cuidando para evitar los contagios masivos. Solo cuando el 80 por ciento de la poblaci\u00f3n sea vacunada, la Covid-19 dejar\u00e1 de ser un riesgo mortal\u201d, refiri\u00f3.<\/p>\n\n\n\n<p>As\u00ed mismo, puntualiz\u00f3, la falta de vacunas, que se vivi\u00f3 recientemente en M\u00e9xico, se ha presentado en todo el mundo por lo que aplaudi\u00f3 la labor del gobierno federal para acordar la compra de manera previa y consolidar la adquisici\u00f3n, a\u00fan con el retraso mundial.<\/p>\n\n\n\n<p>Se\u00f1al\u00f3 que pa\u00edses cercanos al nuestro como: Honduras, El Salvador y Guatemala no han recibido un solo lote de vacunas, lo que habla de la importante labor diplom\u00e1tica y con responsabilidad en el cuidado de la salud de las y los mexicanos que ha desarrollado la administraci\u00f3n federal.&nbsp;<\/p>\n\n\n\n<p>Finalmente, como militante de Morena, asegur\u00f3 sentirse orgulloso de las m\u00faltiples visitas del mandatario federal y, de manera particular, del cumplimiento de la promesa que hizo de construir caminos y accesos a las comunidades ind\u00edgenas, obras que ha venido a inaugurar en persona.&nbsp;<\/p>\n","protected":false},"excerpt":{"rendered":"<p>Evlin Arag\u00f3n\/Zona Roja. Oaxaca de Ju\u00e1rez, Oax., 18 de febrero de 2021.- La reactivaci\u00f3n del&hellip;<\/p>\n","protected":false},"author":2,"featured_media":23733,"comment_status":"closed","ping_status":"open","sticky":false,"template":"","format":"standard","meta":{"_lmt_disableupdate":"","_lmt_disable":"","_jetpack_memberships_contains_paid_content":false,"footnotes":""},"categories":[109,46],"tags":[2467],"class_list":["post-23732","post","type-post","status-publish","format-standard","has-post-thumbnail","hentry","category-minuto-a-minuto","category-zona-blanca","tag-jose-alfredo-jimenez-gomez"],"jetpack_featured_media_url":"https:\/\/zonaroja.com.mx\/wp-content\/uploads\/2021\/02\/Jose-Alfredo-Jimenez-Gomez.jpg","jetpack_sharing_enabled":true,"_links":{"self":[{"href":"https:\/\/zonaroja.com.mx\/index.php?rest_route=\/wp\/v2\/posts\/23732","targetHints":{"allow":["GET"]}}],"collection":[{"href":"https:\/\/zonaroja.com.mx\/index.php?rest_route=\/wp\/v2\/posts"}],"about":[{"href":"https:\/\/zonaroja.com.mx\/index.php?rest_route=\/wp\/v2\/types\/post"}],"author":[{"embeddable":true,"href":"https:\/\/zonaroja.com.mx\/index.php?rest_route=\/wp\/v2\/users\/2"}],"replies":[{"embeddable":true,"href":"https:\/\/zonaroja.com.mx\/index.php?rest_route=%2Fwp%2Fv2%2Fcomments&post=23732"}],"version-history":[{"count":1,"href":"https:\/\/zonaroja.com.mx\/index.php?rest_route=\/wp\/v2\/posts\/23732\/revisions"}],"predecessor-version":[{"id":23734,"href":"https:\/\/zonaroja.com.mx\/index.php?rest_route=\/wp\/v2\/posts\/23732\/revisions\/23734"}],"wp:featuredmedia":[{"embeddable":true,"href":"https:\/\/zonaroja.com.mx\/index.php?rest_route=\/wp\/v2\/media\/23733"}],"wp:attachment":[{"href":"https:\/\/zonaroja.com.mx\/index.php?rest_route=%2Fwp%2Fv2%2Fmedia&parent=23732"}],"wp:term":[{"taxonomy":"category","embeddable":true,"href":"https:\/\/zonaroja.com.mx\/index.php?rest_route=%2Fwp%2Fv2%2Fcategories&post=23732"},{"taxonomy":"post_tag","embeddable":true,"href":"https:\/\/zonaroja.com.mx\/index.php?rest_route=%2Fwp%2Fv2%2Ftags&post=23732"}],"curies":[{"name":"wp","href":"https:\/\/api.w.org\/{rel}","templated":true}]}}