{"id":23735,"date":"2021-02-18T08:10:15","date_gmt":"2021-02-18T14:10:15","guid":{"rendered":"http:\/\/www.zonaroja.com.mx\/?p=23735"},"modified":"2021-02-18T08:10:20","modified_gmt":"2021-02-18T14:10:20","slug":"economia-social-y-solidaria-opcion-para-superar-la-crisis-por-la-pandemia","status":"publish","type":"post","link":"https:\/\/zonaroja.com.mx\/?p=23735","title":{"rendered":"Econom\u00eda social y solidaria, opci\u00f3n para superar la crisis por la pandemia"},"content":{"rendered":"\n<p>Evlin Arag\u00f3n\/Zona Roja.<\/p>\n\n\n\n<p>Oaxaca de Ju\u00e1rez, Oax., 18 de febrero de 2021.- S\u00f3lo un frente com\u00fan entre productores, autoridades comprometidas en la generaci\u00f3n de programas productivos y solidarios, as\u00ed como una sociedad civil activa, pondr\u00e1 freno a la crisis econ\u00f3mica a la que se enfrenta nuestro pa\u00eds, incluido Oaxaca, debido a la pandemia por Covid-19.<\/p>\n\n\n\n<p>As\u00ed lo se\u00f1al\u00f3 Narcedalia Ram\u00edrez Pineda, vicepresidenta de la Fundaci\u00f3n Ay\u00fa, para quien es indispensable dar pasos s\u00f3lidos en materia econ\u00f3mica, ya que las familias mexicanas no podr\u00e1n aguantar por mucho tiempo m\u00e1s los altos \u00edndices de desempleo y el aumento de la inseguridad que trae consigo.&nbsp;<\/p>\n\n\n\n<p>Para la especialista, en la actualidad la econom\u00eda social y solidaria es un pilar fundamental, es incluso la esperanza de muchas mujeres y hombres que dependen de su vocaci\u00f3n productiva y de sus habilidades para no desintegrarse en su comunidad.&nbsp;<\/p>\n\n\n\n<p>Por ello, indic\u00f3 que es indispensable que las autoridades federales y estatales pasen no s\u00f3lo de los cr\u00e9ditos como apoyo econ\u00f3mico ante la crisis, sino generen programas estrat\u00e9gicos para la reactivaci\u00f3n de la econom\u00eda, hasta ahora paralizada por la pandemia.<\/p>\n\n\n\n<p>\u201cSe requieren apoyos que van m\u00e1s all\u00e1 de cr\u00e9ditos, es decir apoyo para hacer sostenibles las iniciativas de los proyectos productivos que requieren de la capacitaci\u00f3n y acompa\u00f1amiento gubernamental, si es que queremos que reactiven la econom\u00eda\u201d, dijo.&nbsp;<\/p>\n\n\n\n<p>As\u00ed mismo, detall\u00f3 que lo verdaderamente importante en estos momentos es buscar las capacidades productivas de la gente, desde sus pueblos y regiones, en todo el pa\u00eds; as\u00ed como fortalecer los valores de la solidaridad para respaldar los proyectos locales.&nbsp;<\/p>\n\n\n\n<p>De igual forma, ense\u00f1ar a las y los emprendedores a administrar su empresa social con eficiencia, aprovechando las nuevas tecnolog\u00edas y estilos de gesti\u00f3n empresarial que estas proveen.&nbsp;<\/p>\n\n\n\n<p>Ram\u00edrez Pineda se\u00f1al\u00f3 como clave la Ley de la Econom\u00eda Social y Solidaria, la cual dijo responde a una exigencia de justicia para quienes participan en un proyecto productivo toda vez que pondera la capacitaci\u00f3n para quienes buscan producir, competir, innovar, administrar y estructurar sus propios instrumentos de comercializaci\u00f3n.&nbsp;<\/p>\n\n\n\n<p>\u201cHoy la reactivaci\u00f3n econ\u00f3mica de diversas organizaciones gubernamentales y no gubernamentales tiene que sustentarse en un modelo econ\u00f3mico alternativo que es la econom\u00eda social, cuya filosof\u00eda nos impulsa a organizarnos para producir con los valores de la cooperaci\u00f3n y la solidaridad\u201d, sentenci\u00f3 en entrevista con el medio \u201cAgenda Medi\u00e1tica\u201d.&nbsp;&nbsp;<\/p>\n","protected":false},"excerpt":{"rendered":"<p>Evlin Arag\u00f3n\/Zona Roja. Oaxaca de Ju\u00e1rez, Oax., 18 de febrero de 2021.- S\u00f3lo un frente&hellip;<\/p>\n","protected":false},"author":2,"featured_media":23736,"comment_status":"closed","ping_status":"open","sticky":false,"template":"","format":"standard","meta":{"_lmt_disableupdate":"","_lmt_disable":"","_jetpack_memberships_contains_paid_content":false,"footnotes":""},"categories":[109,46],"tags":[2468],"class_list":["post-23735","post","type-post","status-publish","format-standard","has-post-thumbnail","hentry","category-minuto-a-minuto","category-zona-blanca","tag-narcedalia-ramirez-pineda"],"jetpack_featured_media_url":"https:\/\/zonaroja.com.mx\/wp-content\/uploads\/2021\/02\/Narcedalia-Ramirez-Lopez.jpg","jetpack_sharing_enabled":true,"_links":{"self":[{"href":"https:\/\/zonaroja.com.mx\/index.php?rest_route=\/wp\/v2\/posts\/23735","targetHints":{"allow":["GET"]}}],"collection":[{"href":"https:\/\/zonaroja.com.mx\/index.php?rest_route=\/wp\/v2\/posts"}],"about":[{"href":"https:\/\/zonaroja.com.mx\/index.php?rest_route=\/wp\/v2\/types\/post"}],"author":[{"embeddable":true,"href":"https:\/\/zonaroja.com.mx\/index.php?rest_route=\/wp\/v2\/users\/2"}],"replies":[{"embeddable":true,"href":"https:\/\/zonaroja.com.mx\/index.php?rest_route=%2Fwp%2Fv2%2Fcomments&post=23735"}],"version-history":[{"count":1,"href":"https:\/\/zonaroja.com.mx\/index.php?rest_route=\/wp\/v2\/posts\/23735\/revisions"}],"predecessor-version":[{"id":23737,"href":"https:\/\/zonaroja.com.mx\/index.php?rest_route=\/wp\/v2\/posts\/23735\/revisions\/23737"}],"wp:featuredmedia":[{"embeddable":true,"href":"https:\/\/zonaroja.com.mx\/index.php?rest_route=\/wp\/v2\/media\/23736"}],"wp:attachment":[{"href":"https:\/\/zonaroja.com.mx\/index.php?rest_route=%2Fwp%2Fv2%2Fmedia&parent=23735"}],"wp:term":[{"taxonomy":"category","embeddable":true,"href":"https:\/\/zonaroja.com.mx\/index.php?rest_route=%2Fwp%2Fv2%2Fcategories&post=23735"},{"taxonomy":"post_tag","embeddable":true,"href":"https:\/\/zonaroja.com.mx\/index.php?rest_route=%2Fwp%2Fv2%2Ftags&post=23735"}],"curies":[{"name":"wp","href":"https:\/\/api.w.org\/{rel}","templated":true}]}}