{"id":23738,"date":"2021-02-18T10:00:29","date_gmt":"2021-02-18T16:00:29","guid":{"rendered":"http:\/\/www.zonaroja.com.mx\/?p=23738"},"modified":"2021-02-18T10:00:31","modified_gmt":"2021-02-18T16:00:31","slug":"golpe-al-hampa-detiene-policia-estatal-a-presuntos-integrantes-del-cjng","status":"publish","type":"post","link":"https:\/\/zonaroja.com.mx\/?p=23738","title":{"rendered":"Golpe al hampa: detiene Polic\u00eda Estatal a presuntos integrantes del CJNG"},"content":{"rendered":"\n<p>Redacci\u00f3n\/Zona Roja.<\/p>\n\n\n\n<p>Oaxaca de Ju\u00e1rez, Oax., 18 de febrero de 2021.- Elementos de la Polic\u00eda Estatal de Oaxaca detuvieron en la regi\u00f3n de la Cuenca del Papaloapan a tres personas, presuntos integrantes del Cartel Jalisco Nueva Generaci\u00f3n (CJNG).<\/p>\n\n\n\n<p>Lo anterior, en hechos distintos registrados ayer, seg\u00fan reportes de la Secretar\u00eda de Seguridad P\u00fablica de Oaxaca (SSPO).<\/p>\n\n\n\n<p>La primera detenci\u00f3n se efectu\u00f3 sobre la carretera federal 175 que conduce a San Juan Bautista Tuxtepec, cuando al notar la presencia policial, Itamar \u00abNN\u00bb alias \u00abEl Roque\u00bb y Lara \u00abNN\u00bb conocido como \u00abEl \u00d1eco\u00bb, trataron de evadir a los uniformados.<\/p>\n\n\n\n<p>Asimismo, en la segunda intervenci\u00f3n se detuvo a Juan Carlos \u00abNN\u00bb alias el \u00abMaya o \u00abEl Mach\u00edn\u00bb, estos hechos se registraron en la poblaci\u00f3n de San Pedro Ixcatl\u00e1n, sobre la carretera federal 182.<\/p>\n\n\n\n<p>En los referidos aseguramientos fueron decomisados dos cartuchos \u00fatiles, calibre 22 y 49 bolsitas de nylon transparentes, tipo ziploc que en su interior conten\u00edan polvo blanco con caracter\u00edsticas propias a la coca\u00edna, as\u00ed como, tres motocicletas.<\/p>\n\n\n\n<p>Por tal motivo, las personas y lo asegurado fueron puestos a disposici\u00f3n de la autoridad ministerial, quien resolver\u00e1 su situaci\u00f3n jur\u00eddica.<\/p>\n","protected":false},"excerpt":{"rendered":"<p>Redacci\u00f3n\/Zona Roja. Oaxaca de Ju\u00e1rez, Oax., 18 de febrero de 2021.- Elementos de la Polic\u00eda&hellip;<\/p>\n","protected":false},"author":2,"featured_media":23739,"comment_status":"closed","ping_status":"open","sticky":false,"template":"","format":"standard","meta":{"_lmt_disableupdate":"","_lmt_disable":"","_jetpack_memberships_contains_paid_content":false,"footnotes":""},"categories":[109,47],"tags":[118],"class_list":["post-23738","post","type-post","status-publish","format-standard","has-post-thumbnail","hentry","category-minuto-a-minuto","category-zona-gris","tag-san-juan-bautista-tuxtepec"],"jetpack_featured_media_url":"https:\/\/zonaroja.com.mx\/wp-content\/uploads\/2021\/02\/Delincuentes-detenidos-Tuxtepec.png","jetpack_sharing_enabled":true,"_links":{"self":[{"href":"https:\/\/zonaroja.com.mx\/index.php?rest_route=\/wp\/v2\/posts\/23738","targetHints":{"allow":["GET"]}}],"collection":[{"href":"https:\/\/zonaroja.com.mx\/index.php?rest_route=\/wp\/v2\/posts"}],"about":[{"href":"https:\/\/zonaroja.com.mx\/index.php?rest_route=\/wp\/v2\/types\/post"}],"author":[{"embeddable":true,"href":"https:\/\/zonaroja.com.mx\/index.php?rest_route=\/wp\/v2\/users\/2"}],"replies":[{"embeddable":true,"href":"https:\/\/zonaroja.com.mx\/index.php?rest_route=%2Fwp%2Fv2%2Fcomments&post=23738"}],"version-history":[{"count":1,"href":"https:\/\/zonaroja.com.mx\/index.php?rest_route=\/wp\/v2\/posts\/23738\/revisions"}],"predecessor-version":[{"id":23740,"href":"https:\/\/zonaroja.com.mx\/index.php?rest_route=\/wp\/v2\/posts\/23738\/revisions\/23740"}],"wp:featuredmedia":[{"embeddable":true,"href":"https:\/\/zonaroja.com.mx\/index.php?rest_route=\/wp\/v2\/media\/23739"}],"wp:attachment":[{"href":"https:\/\/zonaroja.com.mx\/index.php?rest_route=%2Fwp%2Fv2%2Fmedia&parent=23738"}],"wp:term":[{"taxonomy":"category","embeddable":true,"href":"https:\/\/zonaroja.com.mx\/index.php?rest_route=%2Fwp%2Fv2%2Fcategories&post=23738"},{"taxonomy":"post_tag","embeddable":true,"href":"https:\/\/zonaroja.com.mx\/index.php?rest_route=%2Fwp%2Fv2%2Ftags&post=23738"}],"curies":[{"name":"wp","href":"https:\/\/api.w.org\/{rel}","templated":true}]}}