{"id":23741,"date":"2021-02-18T10:29:47","date_gmt":"2021-02-18T16:29:47","guid":{"rendered":"http:\/\/www.zonaroja.com.mx\/?p=23741"},"modified":"2021-02-18T10:29:49","modified_gmt":"2021-02-18T16:29:49","slug":"ya-llego-el-que-andaba-ausente-asi-cantando-llego-ulises-a-casa","status":"publish","type":"post","link":"https:\/\/zonaroja.com.mx\/?p=23741","title":{"rendered":"\u00a1Ya lleg\u00f3 el que andaba ausente!&#8230; as\u00ed cantando lleg\u00f3 Ulises a casa"},"content":{"rendered":"\n<p>Redacci\u00f3n\/Zona Roja.<\/p>\n\n\n\n<p>Oaxaca de Ju\u00e1rez, Oax., 18 de febrero de 2021.- \u201c\u00a1Ya lleg\u00f3 el que andaba ausente y ese no consiente nada!\u201d\u2026<\/p>\n\n\n\n<p>As\u00ed cant\u00f3 Ulises al llegar a su casa, en los primeros minutos de este jueves. Y as\u00ed rectific\u00f3 la Fiscal\u00eda General del Estado de Oaxaca su pifia, de pedir al juez prisi\u00f3n preventiva para el joven, sin considerar la condici\u00f3n de discapacidad mental.<\/p>\n\n\n\n<p>Fue la tarde de ayer en que se anunci\u00f3 la libertad de Jos\u00e9 Ulises C\u00e1rdenas Ib\u00e1\u00f1ez, de 21 a\u00f1os de edad, detenido el 12 de febrero por presuntamente lesionar aun \u201ccholo\u201d que se robaba sus chivos y que junto con otros sujetos le hac\u00edan \u201cbullyng\u201d constantemente.<\/p>\n\n\n\n<p>Desde las nueve de la noche de ayer ya lo esperaban filas de mototaxis a la entrada de Esquipulas, mientras que la calle donde vive se llen\u00f3 de bandas de m\u00fasica y de gente que lo quiere y respete, por no tener antecedentes criminales y por dedicarse \u00fanicamente a cuidar sus chivos y borregos, sin molestar a nadie.<\/p>\n\n\n\n<p>Minutos despu\u00e9s de las 00:00 horas arrib\u00f3 a la sede de la agencia de Esquipulas, tras ser liberado del penal de San Francisco Tanivet, Tlacolula de Matamoros, al ser acusado de atacar a machetazos a un joven que le iba a robar un borrego y la defensa solicit\u00f3 un cambio de la medida cautelar, por lo cual el proceso lo llevar\u00e1 en libertad.<\/p>\n\n\n\n<figure class=\"wp-block-embed-twitter wp-block-embed is-type-rich is-provider-twitter\"><div class=\"wp-block-embed__wrapper\">\n<div class=\"twitter-tweet\"><blockquote class=\"twitter-tweet\" data-lang=\"es\"><p lang=\"es\" dir=\"ltr\">\ud83d\udc4f\ud83d\udc4f\ud83d\udc4f\ud83d\udc4f\ud83d\udc4f<br>En un ambiente de fiesta, con banda de m\u00fasica, globos y confeti, lleg\u00f3 Ulises en los primeros minutos de hoy a su domicilio en Esquipulas, Santa Cruz <a href=\"https:\/\/twitter.com\/hashtag\/Xoxocotl%C3%A1n?src=hash&amp;ref_src=twsrc%5Etfw\">#Xoxocotl\u00e1n<\/a>, <a href=\"https:\/\/twitter.com\/hashtag\/Oaxaca?src=hash&amp;ref_src=twsrc%5Etfw\">#Oaxaca<\/a>. \u00a1Hasta cant\u00f3!<br>Sin embargo, el proceso judicial en su contra sigue. <a href=\"https:\/\/twitter.com\/hashtag\/JusticiaParaUlises?src=hash&amp;ref_src=twsrc%5Etfw\">#JusticiaParaUlises<\/a> <a href=\"https:\/\/t.co\/mZNEc7S0ha\">pic.twitter.com\/mZNEc7S0ha<\/a><\/p>&mdash; Zona Roja Oaxaca (@Zona_Roja_Oax) <a href=\"https:\/\/twitter.com\/Zona_Roja_Oax\/status\/1362397388166602760?ref_src=twsrc%5Etfw\">18 de febrero de 2021<\/a><\/blockquote><\/div>\n<\/div><\/figure>\n\n\n\n<p>La detenci\u00f3n de Ulises fue realizado por elementos de la polic\u00eda municipal de Xoxocotl\u00e1n, por lo que&nbsp; qued\u00f3 a disposici\u00f3n del agente del Ministerio P\u00fablico de la Fiscal\u00eda General del Estado, quien en lugar de analizar su condici\u00f3n de persona con capacidades diferentes, decidi\u00f3 llevarlo ante el juez de control para judicializar el caso.<\/p>\n\n\n\n<p>Pero el agente del Ministerio P\u00fablico, a\u00fan m\u00e1s de su negligente actuar, pidi\u00f3 al juez de control que impusiera la medida de prisi\u00f3n preventiva en contra de Ulises, por lo cual fue enviado al penal de Tanivet, como presunto responsable del delito de lesiones en la causa penal 132\/2021.<\/p>\n\n\n\n<p>Vecinos y familiares de Ulises, al enterarse de la forma de actuar del agente del Ministerio P\u00fablico decidieron realizar protestas y el martes bloquearon la carretera que comunica a Cuil\u00e1pam de Guerrero, a la altura de la colonia Mi Ranchito.<\/p>\n\n\n\n<p>Tras la protesta, organizaciones sociales, sociedad civil e incluso autoridades y legisladores se unieron para exigir la libertad del joven.<\/p>\n\n\n\n<p>Luego de la presi\u00f3n en las redes sociales, abogados procedieron a solicitar al juez un cambio de la medida cautelar, argumentando que por su condici\u00f3n de discapacidad, Ulises no pod\u00eda estar en prisi\u00f3n y al no oponerse el agente del Ministerio P\u00fablico, el juez de control concedi\u00f3 el cambio de medida cautelar para seguir su proceso en libertad.<\/p>\n\n\n\n<p>A las 17:00 horas de ayer, en el juzgado de control de Tanivet en Ciudad Judicial se realiz\u00f3 la audiencia de revisi\u00f3n de la medida cautelar en la causa penal 132\/2021, en la cual el juez de control concedi\u00f3 que Ulises llevara su proceso en libertad.<\/p>\n\n\n\n<p>Para ello, seguir\u00e1 su proceso y podr\u00eda llegar a juicio, donde se espera que quede en completa libertad. Ahora s\u00f3lo falta que se corrobore judicialmente que actu\u00f3 en leg\u00edtima defensa.<\/p>\n\n\n\n<figure class=\"wp-block-embed-twitter wp-block-embed is-type-rich is-provider-twitter\"><div class=\"wp-block-embed__wrapper\">\n<div class=\"twitter-tweet\"><blockquote class=\"twitter-tweet\" data-lang=\"es\"><p lang=\"es\" dir=\"ltr\"><a href=\"https:\/\/twitter.com\/hashtag\/JusticiaParaUlises?src=hash&amp;ref_src=twsrc%5Etfw\">#JusticiaParaUlises<\/a> <br>Tras recular la <a href=\"https:\/\/twitter.com\/FISCALIA_GobOax?ref_src=twsrc%5Etfw\">@FISCALIA_GobOax<\/a> -luego de presi\u00f3n social-, un juez del <a href=\"https:\/\/twitter.com\/tsjoaxaca?ref_src=twsrc%5Etfw\">@tsjoaxaca<\/a> otorg\u00f3 libertad al joven Jos\u00e9 Ulises. <br>En Esquipulas, Santa Cruz Xoxocotl\u00e1n, lo esperan con globos y fiesta. <br>El proceso judicial contin\u00faa, pero el acusado lo har\u00e1 en libertad. <a href=\"https:\/\/t.co\/jhQ89BSVgi\">pic.twitter.com\/jhQ89BSVgi<\/a><\/p>&mdash; Zona Roja Oaxaca (@Zona_Roja_Oax) <a href=\"https:\/\/twitter.com\/Zona_Roja_Oax\/status\/1362255563816599553?ref_src=twsrc%5Etfw\">18 de febrero de 2021<\/a><\/blockquote><\/div>\n<\/div><\/figure>\n","protected":false},"excerpt":{"rendered":"<p>Redacci\u00f3n\/Zona Roja. Oaxaca de Ju\u00e1rez, Oax., 18 de febrero de 2021.- \u201c\u00a1Ya lleg\u00f3 el que&hellip;<\/p>\n","protected":false},"author":2,"featured_media":23742,"comment_status":"closed","ping_status":"open","sticky":false,"template":"","format":"standard","meta":{"_lmt_disableupdate":"","_lmt_disable":"","_jetpack_memberships_contains_paid_content":false,"footnotes":""},"categories":[109,46],"tags":[2465],"class_list":["post-23741","post","type-post","status-publish","format-standard","has-post-thumbnail","hentry","category-minuto-a-minuto","category-zona-blanca","tag-jose-ulises-cardenas-ibanez"],"jetpack_featured_media_url":"https:\/\/zonaroja.com.mx\/wp-content\/uploads\/2021\/02\/Ulises-sale-libre.jpg","jetpack_sharing_enabled":true,"_links":{"self":[{"href":"https:\/\/zonaroja.com.mx\/index.php?rest_route=\/wp\/v2\/posts\/23741","targetHints":{"allow":["GET"]}}],"collection":[{"href":"https:\/\/zonaroja.com.mx\/index.php?rest_route=\/wp\/v2\/posts"}],"about":[{"href":"https:\/\/zonaroja.com.mx\/index.php?rest_route=\/wp\/v2\/types\/post"}],"author":[{"embeddable":true,"href":"https:\/\/zonaroja.com.mx\/index.php?rest_route=\/wp\/v2\/users\/2"}],"replies":[{"embeddable":true,"href":"https:\/\/zonaroja.com.mx\/index.php?rest_route=%2Fwp%2Fv2%2Fcomments&post=23741"}],"version-history":[{"count":1,"href":"https:\/\/zonaroja.com.mx\/index.php?rest_route=\/wp\/v2\/posts\/23741\/revisions"}],"predecessor-version":[{"id":23743,"href":"https:\/\/zonaroja.com.mx\/index.php?rest_route=\/wp\/v2\/posts\/23741\/revisions\/23743"}],"wp:featuredmedia":[{"embeddable":true,"href":"https:\/\/zonaroja.com.mx\/index.php?rest_route=\/wp\/v2\/media\/23742"}],"wp:attachment":[{"href":"https:\/\/zonaroja.com.mx\/index.php?rest_route=%2Fwp%2Fv2%2Fmedia&parent=23741"}],"wp:term":[{"taxonomy":"category","embeddable":true,"href":"https:\/\/zonaroja.com.mx\/index.php?rest_route=%2Fwp%2Fv2%2Fcategories&post=23741"},{"taxonomy":"post_tag","embeddable":true,"href":"https:\/\/zonaroja.com.mx\/index.php?rest_route=%2Fwp%2Fv2%2Ftags&post=23741"}],"curies":[{"name":"wp","href":"https:\/\/api.w.org\/{rel}","templated":true}]}}