{"id":23744,"date":"2021-02-18T10:42:46","date_gmt":"2021-02-18T16:42:46","guid":{"rendered":"http:\/\/www.zonaroja.com.mx\/?p=23744"},"modified":"2021-02-18T10:42:46","modified_gmt":"2021-02-18T16:42:46","slug":"personal-de-salud-en-el-istmo-se-declara-en-asamblea-permanente","status":"publish","type":"post","link":"https:\/\/zonaroja.com.mx\/?p=23744","title":{"rendered":"Personal de salud en el Istmo se declara en Asamblea Permanente"},"content":{"rendered":"\n<p>Evlin Arag\u00f3n\/Zona Roja.<\/p>\n\n\n\n<p>Oaxaca de Ju\u00e1rez, Oax., 18 de febrero de 2021.- Tal y como hab\u00edan anunciado de manera previa, personal adscrito a la Secci\u00f3n 35 del Sindicato Nacional de Trabajadores de la Secretaria de Salud, en la regi\u00f3n del Istmo de Tehuantepec, se declar\u00f3 en asamblea permanente, lo cual se traduce en un paro de labores por tiempo indefinido.&nbsp;<\/p>\n\n\n\n<p>\u201cReunidos en asamblea extraordinaria y ante la falta de certeza se toma la decisi\u00f3n por mayor\u00eda absoluta de iniciar una asamblea permanente a partir de este jueves 18 de febrero\u201d, refiere el oficio dirigido al gobernador de Oaxaca, Alejandro Murat Hinojosa, y al secretario de Salud, Juan Carlos M\u00e1rquez Heine.<\/p>\n\n\n\n<p>La decisi\u00f3n de la base trabajadora pondr\u00eda en riesgo la campa\u00f1a de vacunaci\u00f3n contra Covid-19 en la zona, dirigida a la poblaci\u00f3n en general, ya que han anunciado que no participar\u00edan en ella, en caso de que las autoridades sigan sin escuchar y atender sus demandas.<\/p>\n\n\n\n<p>Desde el pasado lunes, la base trabajadora denunci\u00f3 la falta de respuesta por para de los Servicios de Salud de Oaxaca a la petici\u00f3n que hicieron desde el 22 de enero, para que m\u00e9dicos, enfermeras y dem\u00e1s trabajadores de las distintas \u00e1reas accedan a la vacuna, al tratarse de personal en primera l\u00ednea de combate a la pandemia.&nbsp;<\/p>\n\n\n\n<p>As\u00ed mismo, evidenci\u00f3 que pese a brindar atenci\u00f3n m\u00e9dica diaria en los Centros de Salud de primer nivel, y estar al frente de las oficinas administrativas de manera continua en la regi\u00f3n del Istmo, no fueron inmunizados con la vacuna aplicada en d\u00eda pasados.&nbsp;<\/p>\n\n\n\n<p>Los inconformes explicaron que, de manera verbal, las autoridades se comprometieron a realizar la aplicaci\u00f3n de la vacuna para todo el personal el pr\u00f3xima martes 23 de febrero, sin embargo, lo anterior no qued\u00f3 oficializado mediante documento alguno, por lo que asumieron que no se trata de un acuerdo serio.&nbsp;<\/p>\n\n\n\n<p>Fue mediante un comunicado que las autoridades informaron sobre el arrib\u00f3 a Oaxaca un tercer lote de 20 mil 475 dosis de vacunas de la farmac\u00e9utica Pfizer-BioNTech contra la COVID-19, que servir\u00e1 para completar los esquemas de la segunda dosis al personal de salud que se encuentra en la primera l\u00ednea de batalla, con la finalidad de que queden protegidos contra el virus SARS-COv-2.<\/p>\n","protected":false},"excerpt":{"rendered":"<p>Evlin Arag\u00f3n\/Zona Roja. Oaxaca de Ju\u00e1rez, Oax., 18 de febrero de 2021.- Tal y como&hellip;<\/p>\n","protected":false},"author":2,"featured_media":23745,"comment_status":"closed","ping_status":"open","sticky":false,"template":"","format":"standard","meta":{"_lmt_disableupdate":"","_lmt_disable":"","_jetpack_memberships_contains_paid_content":false,"footnotes":""},"categories":[109,47],"tags":[1005],"class_list":["post-23744","post","type-post","status-publish","format-standard","has-post-thumbnail","hentry","category-minuto-a-minuto","category-zona-gris","tag-servicios-de-salud-de-oaxaca-sso"],"jetpack_featured_media_url":"https:\/\/zonaroja.com.mx\/wp-content\/uploads\/2021\/02\/Vacunacion-en-hospitales-Covid.jpg","jetpack_sharing_enabled":true,"_links":{"self":[{"href":"https:\/\/zonaroja.com.mx\/index.php?rest_route=\/wp\/v2\/posts\/23744","targetHints":{"allow":["GET"]}}],"collection":[{"href":"https:\/\/zonaroja.com.mx\/index.php?rest_route=\/wp\/v2\/posts"}],"about":[{"href":"https:\/\/zonaroja.com.mx\/index.php?rest_route=\/wp\/v2\/types\/post"}],"author":[{"embeddable":true,"href":"https:\/\/zonaroja.com.mx\/index.php?rest_route=\/wp\/v2\/users\/2"}],"replies":[{"embeddable":true,"href":"https:\/\/zonaroja.com.mx\/index.php?rest_route=%2Fwp%2Fv2%2Fcomments&post=23744"}],"version-history":[{"count":1,"href":"https:\/\/zonaroja.com.mx\/index.php?rest_route=\/wp\/v2\/posts\/23744\/revisions"}],"predecessor-version":[{"id":23746,"href":"https:\/\/zonaroja.com.mx\/index.php?rest_route=\/wp\/v2\/posts\/23744\/revisions\/23746"}],"wp:featuredmedia":[{"embeddable":true,"href":"https:\/\/zonaroja.com.mx\/index.php?rest_route=\/wp\/v2\/media\/23745"}],"wp:attachment":[{"href":"https:\/\/zonaroja.com.mx\/index.php?rest_route=%2Fwp%2Fv2%2Fmedia&parent=23744"}],"wp:term":[{"taxonomy":"category","embeddable":true,"href":"https:\/\/zonaroja.com.mx\/index.php?rest_route=%2Fwp%2Fv2%2Fcategories&post=23744"},{"taxonomy":"post_tag","embeddable":true,"href":"https:\/\/zonaroja.com.mx\/index.php?rest_route=%2Fwp%2Fv2%2Ftags&post=23744"}],"curies":[{"name":"wp","href":"https:\/\/api.w.org\/{rel}","templated":true}]}}