{"id":2375,"date":"2019-07-19T08:03:19","date_gmt":"2019-07-19T13:03:19","guid":{"rendered":"http:\/\/www.zonaroja.com.mx\/?p=2375"},"modified":"2019-07-19T08:03:21","modified_gmt":"2019-07-19T13:03:21","slug":"por-bajo-presupuesto-atiende-uabjo-solo-40-de-demanda-de-ingreso","status":"publish","type":"post","link":"https:\/\/zonaroja.com.mx\/?p=2375","title":{"rendered":"Por bajo presupuesto, atiende UABJO s\u00f3lo 40% de demanda de ingreso"},"content":{"rendered":"\n<p>Ismael\nGarc\u00eda M.<\/p>\n\n\n\n<p>Oaxaca de\nJu\u00e1rez, Oax., 19 de julio de 2019.- Debido al bajo presupuesto federal y\nestatal con que cuenta la Universidad Aut\u00f3noma \u201cBenito Ju\u00e1rez\u201d de Oaxaca,\napenas el 40 por ciento de los aspirantes a cursar una carrera profesional\nlogra un espacio.<\/p>\n\n\n\n<p>\u201cEl problema\nno es \u00fanico de nuestra instituci\u00f3n, es en muchas universidades donde hay un\nserio d\u00e9ficit para atender la demanda de ingreso\u201d, inform\u00f3 el rector Eduardo\nBautista Mart\u00ednez.<\/p>\n\n\n\n<p>En entrevista,\nindic\u00f3 que la problem\u00e1tica es analizada con la Asociaci\u00f3n Nacional de\nUniversidades e Instituciones de Educaci\u00f3n Superior y con la Subsecretar\u00eda de\nEducaci\u00f3n Superior de la SEP.<\/p>\n\n\n\n<p>Atender la\nmayor\u00eda de las solicitudes de ingreso a la UABJO \u201cimplica que se requiere un\nincremento del 50 por ciento del presupuesto\u201d, dijo.<\/p>\n\n\n\n<p>Con respecto\na la denuncia de \u201crechazados\u201d, pidi\u00f3 acudir a las instancias correspondientes\npara presentar su queja; asimismo, a los interesados en buscar un espacio en la\nUABJO, exhort\u00f3 a no buscar a personas ajenas a los procesos administrativos\npara lograr un espacio mediante un pago extraordinario.<\/p>\n\n\n\n<p>Por otra\nparte, indic\u00f3 que en su administraci\u00f3n se han implementado diversas medidas de\nausteridad, que ha generado un ahorro presupuestal de aproximadamente 300\nmillones de pesos.<\/p>\n\n\n\n<p>\u201cEso ha\nimplicado amortizar pagos y generar condiciones favorables para ir avanzando,\nal tono con la pol\u00edtica de Presidente de la Rep\u00fablica, Andr\u00e9s Manuel L\u00f3pez\nObrador, en t\u00e9rminos de transparencia, rendici\u00f3n de cuentas.<\/p>\n\n\n\n<p>\u201cHace falta\nmucho por hacer, sumar esfuerzos, voluntades, abatir inercias, ir abatiendo\nrezagos de d\u00e9cadas para ir posicionando a la UABJO\u201d, concluy\u00f3.<\/p>\n","protected":false},"excerpt":{"rendered":"<p>Ismael Garc\u00eda M. Oaxaca de Ju\u00e1rez, Oax., 19 de julio de 2019.- Debido al bajo&hellip;<\/p>\n","protected":false},"author":2,"featured_media":2376,"comment_status":"closed","ping_status":"open","sticky":false,"template":"","format":"standard","meta":{"_lmt_disableupdate":"","_lmt_disable":"","_jetpack_memberships_contains_paid_content":false,"footnotes":""},"categories":[109,46],"tags":[360,282],"class_list":["post-2375","post","type-post","status-publish","format-standard","has-post-thumbnail","hentry","category-minuto-a-minuto","category-zona-blanca","tag-rector-eduardo-bautista-martinez","tag-universidad-autonoma-benito-juarez-de-oaxaca"],"jetpack_featured_media_url":"https:\/\/zonaroja.com.mx\/wp-content\/uploads\/2019\/07\/IMG_1018.jpg","jetpack_sharing_enabled":true,"_links":{"self":[{"href":"https:\/\/zonaroja.com.mx\/index.php?rest_route=\/wp\/v2\/posts\/2375","targetHints":{"allow":["GET"]}}],"collection":[{"href":"https:\/\/zonaroja.com.mx\/index.php?rest_route=\/wp\/v2\/posts"}],"about":[{"href":"https:\/\/zonaroja.com.mx\/index.php?rest_route=\/wp\/v2\/types\/post"}],"author":[{"embeddable":true,"href":"https:\/\/zonaroja.com.mx\/index.php?rest_route=\/wp\/v2\/users\/2"}],"replies":[{"embeddable":true,"href":"https:\/\/zonaroja.com.mx\/index.php?rest_route=%2Fwp%2Fv2%2Fcomments&post=2375"}],"version-history":[{"count":1,"href":"https:\/\/zonaroja.com.mx\/index.php?rest_route=\/wp\/v2\/posts\/2375\/revisions"}],"predecessor-version":[{"id":2377,"href":"https:\/\/zonaroja.com.mx\/index.php?rest_route=\/wp\/v2\/posts\/2375\/revisions\/2377"}],"wp:featuredmedia":[{"embeddable":true,"href":"https:\/\/zonaroja.com.mx\/index.php?rest_route=\/wp\/v2\/media\/2376"}],"wp:attachment":[{"href":"https:\/\/zonaroja.com.mx\/index.php?rest_route=%2Fwp%2Fv2%2Fmedia&parent=2375"}],"wp:term":[{"taxonomy":"category","embeddable":true,"href":"https:\/\/zonaroja.com.mx\/index.php?rest_route=%2Fwp%2Fv2%2Fcategories&post=2375"},{"taxonomy":"post_tag","embeddable":true,"href":"https:\/\/zonaroja.com.mx\/index.php?rest_route=%2Fwp%2Fv2%2Ftags&post=2375"}],"curies":[{"name":"wp","href":"https:\/\/api.w.org\/{rel}","templated":true}]}}