{"id":23760,"date":"2021-02-18T21:03:41","date_gmt":"2021-02-19T03:03:41","guid":{"rendered":"http:\/\/www.zonaroja.com.mx\/?p=23760"},"modified":"2021-02-18T21:14:21","modified_gmt":"2021-02-19T03:14:21","slug":"mixteca-violenta-incendian-vehiculo-y-retienen-a-cinco-mujeres","status":"publish","type":"post","link":"https:\/\/zonaroja.com.mx\/?p=23760","title":{"rendered":"Mixteca violenta: incendian veh\u00edculo y retienen a cinco mujeres"},"content":{"rendered":"\n<p>Redacci\u00f3n\/Yuridiana Sosa\/Zona Roja. Foto: Archivo<\/p>\n\n\n\n<p>Oaxaca de Ju\u00e1rez, Oax., 18 de febrero de 2021.- Una camioneta incendiada y cinco mujeres retenidas, es el saldo preliminar de una disputa en la comunidad de san Andr\u00e9s Yutat\u00edo, del municipio de Tezoatl\u00e1n de Segura y Luna.<\/p>\n\n\n\n<p>Mientras que en San Andr\u00e9s Dinicuiti, la secretaria Municipal fue despedida por el ayuntamiento, debido a que padeci\u00f3 Covid-19.<\/p>\n\n\n\n<p>De los hechos en Yutat\u00edo, de acuerdo con el video difundido esta noche, un grupo de mujeres llora por el incendio de una unidad de motor y hasta el momento se desconoce la situaci\u00f3n de las retenidas.<\/p>\n\n\n\n<p>Lo anterior debido a un conflicto interno de tipo agrario y que resurgi\u00f3 presuntamente por que el ciudadano que Emiliano Luis V\u00e1zquez Balderas rompi\u00f3 los acuerdos con los comuneros, pues acudi\u00f3 con gente armada a medir los terrenos que ten\u00eda en su posesi\u00f3n hasta antes del conflicto, lo que deton\u00f3 el enojo de la comunidad.<\/p>\n\n\n\n<p>Al llegar los pobladores al sitio, Luis V\u00e1squez huy\u00f3, pero se quedaron en el sitio sus hijas, que fueron retenidas y llevadas a la sede de la agencia municipal, donde se desat\u00f3 una trifulca, que dej\u00f3 dos mujeres lesionadas.<\/p>\n\n\n\n<p>Las retenidas Silvia V\u00e1squez Bautista, Guadalupe V\u00e1squez Bautista, Florinda Castro Benavides, Adelaida V\u00e1squez Bautista y Juana V\u00e1squez Tixta.<\/p>\n\n\n\n<p>Hasta el momento no se ha reportado la intervenci\u00f3n de la Secretar\u00eda General de Gobierno (Segego).<\/p>\n\n\n\n<figure class=\"wp-block-embed-twitter wp-block-embed is-type-rich is-provider-twitter\"><div class=\"wp-block-embed__wrapper\">\n<div class=\"twitter-tweet\"><blockquote class=\"twitter-tweet\" data-lang=\"es\"><p lang=\"es\" dir=\"ltr\"><a href=\"https:\/\/twitter.com\/hashtag\/%C3%9AltimoMinuto?src=hash&amp;ref_src=twsrc%5Etfw\">#\u00daltimoMinuto<\/a> <br>Tras la retenci\u00f3n de cinco mujeres hoy, autoridades auxiliares de San Andr\u00e9s Yutatio, en la regi\u00f3n Mixteca de <a href=\"https:\/\/twitter.com\/hashtag\/Oaxaca?src=hash&amp;ref_src=twsrc%5Etfw\">#Oaxaca<\/a>, queman una camioneta; a\u00fan se desconoce si hab\u00eda personas en su interior. <a href=\"https:\/\/twitter.com\/DDHPO?ref_src=twsrc%5Etfw\">@DDHPO<\/a> <a href=\"https:\/\/twitter.com\/CNDH?ref_src=twsrc%5Etfw\">@CNDH<\/a> <a href=\"https:\/\/t.co\/w3jJqhUDMl\">pic.twitter.com\/w3jJqhUDMl<\/a><\/p>&mdash; Zona Roja Oaxaca (@Zona_Roja_Oax) <a href=\"https:\/\/twitter.com\/Zona_Roja_Oax\/status\/1362583668129206272?ref_src=twsrc%5Etfw\">19 de febrero de 2021<\/a><\/blockquote><\/div>\n<\/div><\/figure>\n\n\n\n<p>DESPEDIDA TRAS COVID<\/p>\n\n\n\n<p>Por otra parte, la Secretaria Municipal del ayuntamiento de San Andr\u00e9s Dinicuiti, Claudia Jazm\u00edn Hern\u00e1ndez Leyva, fue v\u00edctima de discriminaci\u00f3n laboral y violencia pol\u00edtica por parte de la autoridad municipal al ser despedida de su cargo tras padecer Covid-19.<\/p>\n\n\n\n<p>La ex funcionaria de la localidad en la regi\u00f3n de la Mixteca denunci\u00f3 ante la Defensor\u00eda de los Derechos Humanos del Pueblo de Oaxaca (DDHPO) el acto cometido por la presidenta municipal, Remedios Pilar P\u00e9rez Cruz y el S\u00edndico, Jos\u00e9 Carlos Ram\u00edrez Leyva.<\/p>\n\n\n\n<p>De acuerdo con la v\u00edctima, el pasado 16 de febrero la presidenta P\u00e9rez Cruz le llam\u00f3 para darle \u201clas gracias por haber fungido como secretar\u00eda municipal\u201d, decisi\u00f3n que tom\u00f3 el s\u00edndico municipal, seg\u00fan la edil confes\u00f3 a Claudia Hern\u00e1ndez en la llamada.<\/p>\n\n\n\n<p>Hern\u00e1ndez Leyva se\u00f1al\u00f3 que no recibi\u00f3 motivos relacionados a su desempe\u00f1o para ser despedida.<\/p>\n\n\n\n<p>La mujer fue diagnosticada con \u201cNeumon\u00eda at\u00edpica por Covid\u201d el pasado 30 de enero, por lo que precedi\u00f3 al confinamiento en su domicilio, donde se recuper\u00f3 de la enfermedad y sigue con los cuidados para su hija.<\/p>\n","protected":false},"excerpt":{"rendered":"<p>Redacci\u00f3n\/Yuridiana Sosa\/Zona Roja. Foto: Archivo Oaxaca de Ju\u00e1rez, Oax., 18 de febrero de 2021.- Una&hellip;<\/p>\n","protected":false},"author":2,"featured_media":23765,"comment_status":"closed","ping_status":"open","sticky":false,"template":"","format":"standard","meta":{"_lmt_disableupdate":"","_lmt_disable":"","_jetpack_memberships_contains_paid_content":false,"footnotes":""},"categories":[109,47],"tags":[1622],"class_list":["post-23760","post","type-post","status-publish","format-standard","has-post-thumbnail","hentry","category-minuto-a-minuto","category-zona-gris","tag-san-andres-yutatio"],"jetpack_featured_media_url":"https:\/\/zonaroja.com.mx\/wp-content\/uploads\/2021\/02\/Retenidas-San-Andres-Yutatio.jpg","jetpack_sharing_enabled":true,"_links":{"self":[{"href":"https:\/\/zonaroja.com.mx\/index.php?rest_route=\/wp\/v2\/posts\/23760","targetHints":{"allow":["GET"]}}],"collection":[{"href":"https:\/\/zonaroja.com.mx\/index.php?rest_route=\/wp\/v2\/posts"}],"about":[{"href":"https:\/\/zonaroja.com.mx\/index.php?rest_route=\/wp\/v2\/types\/post"}],"author":[{"embeddable":true,"href":"https:\/\/zonaroja.com.mx\/index.php?rest_route=\/wp\/v2\/users\/2"}],"replies":[{"embeddable":true,"href":"https:\/\/zonaroja.com.mx\/index.php?rest_route=%2Fwp%2Fv2%2Fcomments&post=23760"}],"version-history":[{"count":3,"href":"https:\/\/zonaroja.com.mx\/index.php?rest_route=\/wp\/v2\/posts\/23760\/revisions"}],"predecessor-version":[{"id":23766,"href":"https:\/\/zonaroja.com.mx\/index.php?rest_route=\/wp\/v2\/posts\/23760\/revisions\/23766"}],"wp:featuredmedia":[{"embeddable":true,"href":"https:\/\/zonaroja.com.mx\/index.php?rest_route=\/wp\/v2\/media\/23765"}],"wp:attachment":[{"href":"https:\/\/zonaroja.com.mx\/index.php?rest_route=%2Fwp%2Fv2%2Fmedia&parent=23760"}],"wp:term":[{"taxonomy":"category","embeddable":true,"href":"https:\/\/zonaroja.com.mx\/index.php?rest_route=%2Fwp%2Fv2%2Fcategories&post=23760"},{"taxonomy":"post_tag","embeddable":true,"href":"https:\/\/zonaroja.com.mx\/index.php?rest_route=%2Fwp%2Fv2%2Ftags&post=23760"}],"curies":[{"name":"wp","href":"https:\/\/api.w.org\/{rel}","templated":true}]}}