{"id":23771,"date":"2021-02-18T22:06:29","date_gmt":"2021-02-19T04:06:29","guid":{"rendered":"http:\/\/www.zonaroja.com.mx\/?p=23771"},"modified":"2021-02-18T22:06:33","modified_gmt":"2021-02-19T04:06:33","slug":"protestan-en-guerrero-contra-salgado-macedonio-morena-lo-confirma-candidato","status":"publish","type":"post","link":"https:\/\/zonaroja.com.mx\/?p=23771","title":{"rendered":"Protestan en Guerrero contra Salgado Macedonio; Morena lo confirma candidato"},"content":{"rendered":"\n<p>Redacci\u00f3n\/Zona Roja Cdmx.<\/p>\n\n\n\n<p>Ciudad de M\u00e9xico, 18 de febrero de 2021.- Mujeres de diversos colectivos protestaron hoy en Chilpancingo, Guerrero, en contra de la candidatura de F\u00e9lix Salgado Macedonio a la gubernatura de Guerrero.<\/p>\n\n\n\n<p>Pese a las m\u00faltiples manifestaciones y denuncias de las \u00faltimas semanas, la dirigencia estatal confirm\u00f3 al senador con licencia como su aspirante, debido a que \u201cgan\u00f3 las encuestas\u201d.<\/p>\n\n\n\n<p>Las mujeres lanzaron hoy petardos, bombas molotov y quemaron pancartas en diferentes puntos de Chilpancingo.<\/p>\n\n\n\n<p>Desde las 14:15 horas, alrededor de cien mujeres incorporadas a colectivos como \u201cLas Revueltas\u201d, se concentraron en las inmediaciones de la alameda Granados Maldonado para iniciar una marcha hacia el sur de la ciudad.<\/p>\n\n\n\n<p>Las participantes en la protesta vistieron en su mayor\u00eda ropas de color negro, adem\u00e1s de paliacates verdes y morados, casi todas con pancartas en las que se reproduc\u00edan consignas como \u00abUn violador no ser\u00e1 gobernador\u00bb.<\/p>\n\n\n\n<p>Hubo una primera escala en las inmediaciones del ayuntaniento, en cuya entrada posterior lanzaron petardos, reventaron por lo menos dos bombas molotov, pintaron las paredes y quemaron algunas de sus pancartas.<\/p>\n\n\n\n<p>\u200bLa segunda parada fue frente a las instalaciones de la Agencia del Ministerio P\u00fablico del Fuero Com\u00fan (MPFC), donde exigieron que la Fiscal\u00eda General de Justicia (FGE) cumpla con su obligaci\u00f3n de judicializar la carpeta de investigaci\u00f3n que est\u00e1 vigente en contra de Salgado Macedonio por el delito de violaci\u00f3n.<\/p>\n\n\n\n<p>La tercera acci\u00f3n tuvo verificativo en la avenida L\u00e1zaro C\u00e1rdenas, justo al costado de la puerta del caf\u00e9 Punta del Cielo, donde se ubica un peque\u00f1o hotel habilitado como casa de campa\u00f1a del virtual candidato a la gubernatura de Morena.<\/p>\n\n\n\n<p>SER\u00c1 CANDIDATO<\/p>\n\n\n\n<p>No obstante, Marcial Rodr\u00edguez, secretario general de Morena en Guerrero, asegur\u00f3 que mantendr\u00e1n la decisi\u00f3n de los guerrerenses respecto a que F\u00e9lix Salgado Macedonio siga siendo el abanderado del partido a la gubernatura del estado.<\/p>\n\n\n\n<p>\u00abVamos a mantener la decisi\u00f3n del pueblo de Guerrero, en una encuesta determin\u00f3 que F\u00e9lix Salgado Macedonio sea el candidato a gobernador del estado de Guerrero\u00bb, indic\u00f3 en entrevista con Azucena Uresti para Grupo F\u00f3rmula.<\/p>\n\n\n\n<p>El dirigente morenista expuso que son respetuosos de las opiniones en contra de Salgado Macedonio, pues es parte de la libertad de expresi\u00f3n.<\/p>\n\n\n\n<p>Sobre las investigaciones en contra del morenista, Rodr\u00edguez expuso que su compromiso es con el estado de derecho y si hay alguien con acusaciones que sea la autoridad la que resuelva.<\/p>\n","protected":false},"excerpt":{"rendered":"<p>Redacci\u00f3n\/Zona Roja Cdmx. Ciudad de M\u00e9xico, 18 de febrero de 2021.- Mujeres de diversos colectivos&hellip;<\/p>\n","protected":false},"author":2,"featured_media":23772,"comment_status":"closed","ping_status":"open","sticky":false,"template":"","format":"standard","meta":{"_lmt_disableupdate":"","_lmt_disable":"","_jetpack_memberships_contains_paid_content":false,"footnotes":""},"categories":[109,47],"tags":[2352],"class_list":["post-23771","post","type-post","status-publish","format-standard","has-post-thumbnail","hentry","category-minuto-a-minuto","category-zona-gris","tag-felix-salgado-macedonio"],"jetpack_featured_media_url":"https:\/\/zonaroja.com.mx\/wp-content\/uploads\/2021\/02\/Protesta-mujeres-Guerrero.jpeg","jetpack_sharing_enabled":true,"_links":{"self":[{"href":"https:\/\/zonaroja.com.mx\/index.php?rest_route=\/wp\/v2\/posts\/23771","targetHints":{"allow":["GET"]}}],"collection":[{"href":"https:\/\/zonaroja.com.mx\/index.php?rest_route=\/wp\/v2\/posts"}],"about":[{"href":"https:\/\/zonaroja.com.mx\/index.php?rest_route=\/wp\/v2\/types\/post"}],"author":[{"embeddable":true,"href":"https:\/\/zonaroja.com.mx\/index.php?rest_route=\/wp\/v2\/users\/2"}],"replies":[{"embeddable":true,"href":"https:\/\/zonaroja.com.mx\/index.php?rest_route=%2Fwp%2Fv2%2Fcomments&post=23771"}],"version-history":[{"count":1,"href":"https:\/\/zonaroja.com.mx\/index.php?rest_route=\/wp\/v2\/posts\/23771\/revisions"}],"predecessor-version":[{"id":23773,"href":"https:\/\/zonaroja.com.mx\/index.php?rest_route=\/wp\/v2\/posts\/23771\/revisions\/23773"}],"wp:featuredmedia":[{"embeddable":true,"href":"https:\/\/zonaroja.com.mx\/index.php?rest_route=\/wp\/v2\/media\/23772"}],"wp:attachment":[{"href":"https:\/\/zonaroja.com.mx\/index.php?rest_route=%2Fwp%2Fv2%2Fmedia&parent=23771"}],"wp:term":[{"taxonomy":"category","embeddable":true,"href":"https:\/\/zonaroja.com.mx\/index.php?rest_route=%2Fwp%2Fv2%2Fcategories&post=23771"},{"taxonomy":"post_tag","embeddable":true,"href":"https:\/\/zonaroja.com.mx\/index.php?rest_route=%2Fwp%2Fv2%2Ftags&post=23771"}],"curies":[{"name":"wp","href":"https:\/\/api.w.org\/{rel}","templated":true}]}}