{"id":23778,"date":"2021-02-19T07:40:34","date_gmt":"2021-02-19T13:40:34","guid":{"rendered":"http:\/\/www.zonaroja.com.mx\/?p=23778"},"modified":"2021-02-19T07:40:36","modified_gmt":"2021-02-19T13:40:36","slug":"van-46-politicos-asesinados-en-mexico-en-el-actual-proceso-electoral","status":"publish","type":"post","link":"https:\/\/zonaroja.com.mx\/?p=23778","title":{"rendered":"Van 46 pol\u00edticos asesinados en M\u00e9xico en el actual proceso electoral"},"content":{"rendered":"\n<p>Redacci\u00f3n\/Zona Roja.<\/p>\n\n\n\n<p>Oaxaca de Ju\u00e1rez, Oax., 19 de febrero de 2021.- Durante el actual proceso electoral en M\u00e9xico han sido asesinados 46 pol\u00edticos, de los cuales 10 eran aspirantes a puestos de elecci\u00f3n, de acuerdo con el Primer Informe de Violencia Pol\u00edtica en M\u00e9xico. Proceso electoral 2020-2021, realizado por la consultora de riesgos Etellekt.<\/p>\n\n\n\n<p>Esta cifra representa una disminuci\u00f3n de 32 por ciento con respecto a los homicidios dolosos de pol\u00edticos en el mismo periodo del proceso electoral 2017-2018 que sumaron 68.<\/p>\n\n\n\n<p>Rub\u00e9n Salazar, director de Etellekt, se\u00f1al\u00f3 a \u201cEl Heraldo de M\u00e9xico\u201d que la pandemia por Covid-19, las alianzas entre partidos pol\u00edticos y la duraci\u00f3n de las precampa\u00f1as son factores que ocasionaron la reducci\u00f3n de la cifra de pol\u00edticos asesinados.<\/p>\n\n\n\n<p>\u201cPensamos que un factor que puede estar inhibiendo la violencia letal pueden ser las alianzas que est\u00e1n formalizando los partidos de oposici\u00f3n contra Morena.<\/p>\n\n\n\n<p>\u201cEl tercer factor que yo ver\u00eda que tambi\u00e9n despresuriza mucho esta violencia letal puede ser que fueron precampa\u00f1as muy cortas y las campa\u00f1as tambi\u00e9n van a ser muy cortas\u201d, dijo.<\/p>\n\n\n\n<p>De acuerdo con el informe, del inicio del proceso electoral, el pasado 7 de septiembre al 16 de febrero, tras el cierre de las precampa\u00f1as a puestos de elecci\u00f3n estatales y municipales en las 32 entidades del pa\u00eds, se registraron 151 agresiones a pol\u00edticos, con un saldo de 46 v\u00edctimas de homicidio doloso y siete personas heridas.<\/p>\n\n\n\n<p>Adem\u00e1s, perdieron la vida 12 familiares de pol\u00edticos en atentados armados.<\/p>\n\n\n\n<p>El 53.6 por ciento de las 151 agresiones fueron cometidas con armas de fuego. Las agresiones totales aumentaron 4.13 por ciento, con respecto al mismo periodo del proceso de hace tres a\u00f1os que registr\u00f3 145.<\/p>\n\n\n\n<p>\u201cDe los 10 aspirantes asesinados, siete buscaban contender por alcald\u00edas, una por una regidur\u00eda, y dos por diputaciones.<\/p>\n\n\n\n<p>\u201cLos aspirantes asesinados pertenecen a los estados de Veracruz (6), Guerrero (3) y Guanajuato (1). Veracruz es el estado con el mayor n\u00famero de agresiones contra pol\u00edticos a nivel nacional concentrando 20% de los 151 ataques\u201d, indica el informe.<\/p>\n\n\n\n<p>Las 151 agresiones se registraron en 29 entidades y en 120 municipios del pa\u00eds y, como ocurri\u00f3 hace tres a\u00f1os, la violencia pol\u00edtica se desarrolla principalmente a nivel local, pues 85.4 por ciento de los ataques tuvo como objetivo a pol\u00edticos, autoridades electas y aspirantes a puestos de elecci\u00f3n del \u00e1mbito municipal.<\/p>\n\n\n\n<p>\u201cRespecto a los 46 homicidios, 87% eran personas pol\u00edticas de este mismo nivel de gobierno.<\/p>\n\n\n\n<p>\u201c80% de los aspirantes asesinados, buscaban puestos de elecci\u00f3n municipal, principalmente alcald\u00edas. S\u00f3lo han sido asesinados dos aspirantes a diputaciones\u201d, se\u00f1ala el estudio.<\/p>\n\n\n\n<p>(Informaci\u00f3n de \u201cEl Heraldo de M\u00e9xico\u201d)<\/p>\n","protected":false},"excerpt":{"rendered":"<p>Redacci\u00f3n\/Zona Roja. Oaxaca de Ju\u00e1rez, Oax., 19 de febrero de 2021.- Durante el actual proceso&hellip;<\/p>\n","protected":false},"author":2,"featured_media":1544,"comment_status":"closed","ping_status":"open","sticky":false,"template":"","format":"standard","meta":{"_lmt_disableupdate":"","_lmt_disable":"","_jetpack_memberships_contains_paid_content":false,"footnotes":""},"categories":[109,47],"tags":[],"class_list":["post-23778","post","type-post","status-publish","format-standard","has-post-thumbnail","hentry","category-minuto-a-minuto","category-zona-gris"],"jetpack_featured_media_url":"https:\/\/zonaroja.com.mx\/wp-content\/uploads\/2019\/06\/Oaxaca-violencia.jpg","jetpack_sharing_enabled":true,"_links":{"self":[{"href":"https:\/\/zonaroja.com.mx\/index.php?rest_route=\/wp\/v2\/posts\/23778","targetHints":{"allow":["GET"]}}],"collection":[{"href":"https:\/\/zonaroja.com.mx\/index.php?rest_route=\/wp\/v2\/posts"}],"about":[{"href":"https:\/\/zonaroja.com.mx\/index.php?rest_route=\/wp\/v2\/types\/post"}],"author":[{"embeddable":true,"href":"https:\/\/zonaroja.com.mx\/index.php?rest_route=\/wp\/v2\/users\/2"}],"replies":[{"embeddable":true,"href":"https:\/\/zonaroja.com.mx\/index.php?rest_route=%2Fwp%2Fv2%2Fcomments&post=23778"}],"version-history":[{"count":1,"href":"https:\/\/zonaroja.com.mx\/index.php?rest_route=\/wp\/v2\/posts\/23778\/revisions"}],"predecessor-version":[{"id":23779,"href":"https:\/\/zonaroja.com.mx\/index.php?rest_route=\/wp\/v2\/posts\/23778\/revisions\/23779"}],"wp:featuredmedia":[{"embeddable":true,"href":"https:\/\/zonaroja.com.mx\/index.php?rest_route=\/wp\/v2\/media\/1544"}],"wp:attachment":[{"href":"https:\/\/zonaroja.com.mx\/index.php?rest_route=%2Fwp%2Fv2%2Fmedia&parent=23778"}],"wp:term":[{"taxonomy":"category","embeddable":true,"href":"https:\/\/zonaroja.com.mx\/index.php?rest_route=%2Fwp%2Fv2%2Fcategories&post=23778"},{"taxonomy":"post_tag","embeddable":true,"href":"https:\/\/zonaroja.com.mx\/index.php?rest_route=%2Fwp%2Fv2%2Ftags&post=23778"}],"curies":[{"name":"wp","href":"https:\/\/api.w.org\/{rel}","templated":true}]}}