{"id":23780,"date":"2021-02-19T07:44:15","date_gmt":"2021-02-19T13:44:15","guid":{"rendered":"http:\/\/www.zonaroja.com.mx\/?p=23780"},"modified":"2021-02-19T07:44:18","modified_gmt":"2021-02-19T13:44:18","slug":"reanuda-poder-judicial-totalidad-de-actuaciones-en-sistema-penal-tradicional-y-materia-familiar","status":"publish","type":"post","link":"https:\/\/zonaroja.com.mx\/?p=23780","title":{"rendered":"Reanuda Poder Judicial totalidad de actuaciones en sistema penal tradicional y materia familiar"},"content":{"rendered":"\n<p>Redacci\u00f3n\/Zona Roja.<\/p>\n\n\n\n<p>Oaxaca de Ju\u00e1rez, Oax., 19 de febrero de 2021.- Como parte del Plan de Retorno Gradual, Seguro y Ordenado a la Actividad Jurisdiccional y Administrativa, con los cuidados y protocolos sanitarios establecidos para salvaguardar en todo momento la salud y la vida del personal as\u00ed como de los usuarios, en el Poder Judicial del Estado se reanudan la totalidad de actuaciones en el sistema penal tradicional y en materia familiar, a partir del pr\u00f3ximo lunes 22 de febrero.<\/p>\n\n\n\n<p>A trav\u00e9s del Acuerdo General 09\/2021, el Pleno del Consejo de la Judicatura, estableci\u00f3 que en materia penal adversarial se restablecen los asuntos en los que el procesado se encuentre en prisi\u00f3n preventiva y se haya dictado el auto de apertura a juicio. Los mismos deber\u00e1n ser remitidos al Tribunal de Enjuiciamiento para la prosecuci\u00f3n correspondiente.<\/p>\n\n\n\n<p>Trat\u00e1ndose de judicializaci\u00f3n de asuntos por cita judicial, adem\u00e1s de los establecidos en el Acuerdo 38\/2020 de fecha 29 de octubre de 2020, como las audiencias de juicio o debate, el Departamento de Causas deber\u00e1 recibir gradualmente las solicitudes de fecha y hora para la celebraci\u00f3n de audiencias iniciales respecto a delitos patrimoniales.<\/p>\n\n\n\n<p>De igual manera se recibir\u00e1 y dar\u00e1 tr\u00e1mite a los escritos con los que se impugne el no ejercicio de la acci\u00f3n penal.<\/p>\n\n\n\n<p>En lo que corresponde al sistema penal tradicional, el Acuerdo General 09\/2021 establece que se reanuda la totalidad de actuaciones, los plazos y t\u00e9rminos para la prosecuci\u00f3n y decisi\u00f3n de todos los asuntos similares en los que el procesado se encuentre en prisi\u00f3n preventiva o gozando de garant\u00eda caucional.<\/p>\n\n\n\n<p>Asimismo, en materia familiar, se reanuda la totalidad de actuaciones y se levanta la suspensi\u00f3n de plazos y t\u00e9rminos, continu\u00e1ndose con el tr\u00e1mite y decisi\u00f3n de todos aquellos procedimientos contenciosos y sus incidentes, con exclusi\u00f3n de los procedimientos de jurisdicci\u00f3n voluntaria y jurisdicci\u00f3n mixta, como los sucesorios.<\/p>\n\n\n\n<p>El Acuerdo General completo se puede consultar en la p\u00e1gina web institucional del Poder Judicial del Estado www.tribunaloaxaca.gob.mx. En caso de requerir orientaci\u00f3n, la ciudadan\u00eda puede llamar al Centro de Respuesta Inmediata JusticiaTel al n\u00famero 800 719 22 32.<\/p>\n","protected":false},"excerpt":{"rendered":"<p>Redacci\u00f3n\/Zona Roja. Oaxaca de Ju\u00e1rez, Oax., 19 de febrero de 2021.- Como parte del Plan&hellip;<\/p>\n","protected":false},"author":2,"featured_media":23781,"comment_status":"closed","ping_status":"open","sticky":false,"template":"","format":"standard","meta":{"_lmt_disableupdate":"","_lmt_disable":"","_jetpack_memberships_contains_paid_content":false,"footnotes":""},"categories":[109,46],"tags":[223],"class_list":["post-23780","post","type-post","status-publish","format-standard","has-post-thumbnail","hentry","category-minuto-a-minuto","category-zona-blanca","tag-poder-judicial-de-oaxaca"],"jetpack_featured_media_url":"https:\/\/zonaroja.com.mx\/wp-content\/uploads\/2021\/02\/Atencion-con-apego-a-protocolos-sanitarios.jpg","jetpack_sharing_enabled":true,"_links":{"self":[{"href":"https:\/\/zonaroja.com.mx\/index.php?rest_route=\/wp\/v2\/posts\/23780","targetHints":{"allow":["GET"]}}],"collection":[{"href":"https:\/\/zonaroja.com.mx\/index.php?rest_route=\/wp\/v2\/posts"}],"about":[{"href":"https:\/\/zonaroja.com.mx\/index.php?rest_route=\/wp\/v2\/types\/post"}],"author":[{"embeddable":true,"href":"https:\/\/zonaroja.com.mx\/index.php?rest_route=\/wp\/v2\/users\/2"}],"replies":[{"embeddable":true,"href":"https:\/\/zonaroja.com.mx\/index.php?rest_route=%2Fwp%2Fv2%2Fcomments&post=23780"}],"version-history":[{"count":1,"href":"https:\/\/zonaroja.com.mx\/index.php?rest_route=\/wp\/v2\/posts\/23780\/revisions"}],"predecessor-version":[{"id":23782,"href":"https:\/\/zonaroja.com.mx\/index.php?rest_route=\/wp\/v2\/posts\/23780\/revisions\/23782"}],"wp:featuredmedia":[{"embeddable":true,"href":"https:\/\/zonaroja.com.mx\/index.php?rest_route=\/wp\/v2\/media\/23781"}],"wp:attachment":[{"href":"https:\/\/zonaroja.com.mx\/index.php?rest_route=%2Fwp%2Fv2%2Fmedia&parent=23780"}],"wp:term":[{"taxonomy":"category","embeddable":true,"href":"https:\/\/zonaroja.com.mx\/index.php?rest_route=%2Fwp%2Fv2%2Fcategories&post=23780"},{"taxonomy":"post_tag","embeddable":true,"href":"https:\/\/zonaroja.com.mx\/index.php?rest_route=%2Fwp%2Fv2%2Ftags&post=23780"}],"curies":[{"name":"wp","href":"https:\/\/api.w.org\/{rel}","templated":true}]}}