{"id":23783,"date":"2021-02-19T07:51:44","date_gmt":"2021-02-19T13:51:44","guid":{"rendered":"http:\/\/www.zonaroja.com.mx\/?p=23783"},"modified":"2021-02-19T07:51:47","modified_gmt":"2021-02-19T13:51:47","slug":"bajas-temperaturas-pegan-al-campo-oaxaqueno-piden-apoyos-para-familias-productoras","status":"publish","type":"post","link":"https:\/\/zonaroja.com.mx\/?p=23783","title":{"rendered":"Bajas temperaturas pegan al campo oaxaque\u00f1o; piden apoyos para familias productoras"},"content":{"rendered":"\n<p>Redacci\u00f3n\/Zona Roja.<\/p>\n\n\n\n<p>Oaxaca de Ju\u00e1rez, Oax., 19 de febrero 2021.- Las regiones de la Mixteca, Valles Centrales, Sierra Sur, Sierra Norte e Istmo de Tehuantepec de Oaxaca, han sido afectadas por las heladas de los recientes d\u00edas.<\/p>\n\n\n\n<p>Tan solo en la Mixteca son 85 los municipios que han resentido los estragos de las bajas temperaturas.<\/p>\n\n\n\n<p>As\u00ed lo inform\u00f3 el diputado local por Morena, Horacio Sosa Villavicencio, quien solicit\u00f3 al gobierno de Oaxaca que a trav\u00e9s de la Secretar\u00eda de Desarrollo Agropecuaria, Pesca y Acuacultura (Sedapa), atienda y otorgue apoyos a las familias campesinas afectadas por las heladas de los \u00faltimos d\u00edas.<\/p>\n\n\n\n<p>El diputado por el distrito XVI, Zimatl\u00e1n-Ocotl\u00e1n, se\u00f1al\u00f3 que la atenci\u00f3n a las familias que perdieron sus cultivos por las heladas es urgente, debido a que esta problem\u00e1tica pone en riesgo la econom\u00eda de las comunidades.<\/p>\n\n\n\n<p>\u201cEl gobierno debe entender que esta problem\u00e1tica tiene dos grandes consecuencias: el que las familias campesinas pasen hambre por haber perdido sus cultivos y, por otra parte, se frena indirectamente el c\u00edrculo econ\u00f3mico de otras comunidades\u201d, se\u00f1al\u00f3 Sosa Villavicencio.<\/p>\n\n\n\n<p>Pidi\u00f3 al gobernador de Oaxaca tener gratitud con las familias campesinas que han sido quienes en medio de la pandemia por Covid-19 han mantenido el flujo constante de los alimentos a la ciudad: \u201cson ellas y ellos los que cosechan las frutas y verduras que compramos en la ciudad, es momento de devolverles algo de todo lo que nos han dado\u201d, expres\u00f3.<\/p>\n","protected":false},"excerpt":{"rendered":"<p>Redacci\u00f3n\/Zona Roja. Oaxaca de Ju\u00e1rez, Oax., 19 de febrero 2021.- Las regiones de la Mixteca,&hellip;<\/p>\n","protected":false},"author":2,"featured_media":23784,"comment_status":"closed","ping_status":"open","sticky":false,"template":"","format":"standard","meta":{"_lmt_disableupdate":"","_lmt_disable":"","_jetpack_memberships_contains_paid_content":false,"footnotes":""},"categories":[109,46],"tags":[444],"class_list":["post-23783","post","type-post","status-publish","format-standard","has-post-thumbnail","hentry","category-minuto-a-minuto","category-zona-blanca","tag-horacio-sosa-villavicencio"],"jetpack_featured_media_url":"https:\/\/zonaroja.com.mx\/wp-content\/uploads\/2021\/02\/Diputado-Horacio-Sosa-Villavicencio.jpeg","jetpack_sharing_enabled":true,"_links":{"self":[{"href":"https:\/\/zonaroja.com.mx\/index.php?rest_route=\/wp\/v2\/posts\/23783","targetHints":{"allow":["GET"]}}],"collection":[{"href":"https:\/\/zonaroja.com.mx\/index.php?rest_route=\/wp\/v2\/posts"}],"about":[{"href":"https:\/\/zonaroja.com.mx\/index.php?rest_route=\/wp\/v2\/types\/post"}],"author":[{"embeddable":true,"href":"https:\/\/zonaroja.com.mx\/index.php?rest_route=\/wp\/v2\/users\/2"}],"replies":[{"embeddable":true,"href":"https:\/\/zonaroja.com.mx\/index.php?rest_route=%2Fwp%2Fv2%2Fcomments&post=23783"}],"version-history":[{"count":1,"href":"https:\/\/zonaroja.com.mx\/index.php?rest_route=\/wp\/v2\/posts\/23783\/revisions"}],"predecessor-version":[{"id":23785,"href":"https:\/\/zonaroja.com.mx\/index.php?rest_route=\/wp\/v2\/posts\/23783\/revisions\/23785"}],"wp:featuredmedia":[{"embeddable":true,"href":"https:\/\/zonaroja.com.mx\/index.php?rest_route=\/wp\/v2\/media\/23784"}],"wp:attachment":[{"href":"https:\/\/zonaroja.com.mx\/index.php?rest_route=%2Fwp%2Fv2%2Fmedia&parent=23783"}],"wp:term":[{"taxonomy":"category","embeddable":true,"href":"https:\/\/zonaroja.com.mx\/index.php?rest_route=%2Fwp%2Fv2%2Fcategories&post=23783"},{"taxonomy":"post_tag","embeddable":true,"href":"https:\/\/zonaroja.com.mx\/index.php?rest_route=%2Fwp%2Fv2%2Ftags&post=23783"}],"curies":[{"name":"wp","href":"https:\/\/api.w.org\/{rel}","templated":true}]}}