{"id":2379,"date":"2019-07-19T17:18:28","date_gmt":"2019-07-19T22:18:28","guid":{"rendered":"http:\/\/www.zonaroja.com.mx\/?p=2379"},"modified":"2019-07-19T17:18:30","modified_gmt":"2019-07-19T22:18:30","slug":"municipios-deben-contar-con-su-propio-programa-para-combate-a-feminicidios-conavim","status":"publish","type":"post","link":"https:\/\/zonaroja.com.mx\/?p=2379","title":{"rendered":"Municipios deben contar con su propio programa para combate a feminicidios: Conavim"},"content":{"rendered":"\n<p>Evlin Arag\u00f3n<\/p>\n\n\n\n<p>Oaxaca de\nJu\u00e1rez, Oax., 19 de julio de 2019.- Mar\u00eda Candelaria Ochoa \u00c1valos, comisionada\nNacional para Prevenir y Erradicar la Violencia contra las Mujeres (Conavim),\nasegur\u00f3 que cambiar\u00e1n la estrategia para dar seguimiento a las alertas de\nviolencia de g\u00e9nero en todo el pa\u00eds, a fin de dotar de mayor protagonismo a los\nmunicipios, tanto en la asignaci\u00f3n de recursos federales, como en las acciones\na realizar para dar atenci\u00f3n a la grave problem\u00e1tica de la violencia\nfeminicida.<\/p>\n\n\n\n<p>\u201cSoy una\nconvencida que el feminicidio se da un lugar determinado y ese lugar son los\nmunicipios; sin embargo, en los informes de las instancias federales no se\nencuentran citadas las localidades y mucho menos se define su responsabilidad\u201d,\ndijo en el marco de la conferencia titulada \u201cLa Alerta de Violencia de G\u00e9nero y\nla responsabilidad de los municipios\u201d, que ofreci\u00f3 en la capital de Oaxaca.<\/p>\n\n\n\n<p>Explic\u00f3 que lamentablemente los recursos financieros que se dieron desde la Conavim para atender la Alerta de G\u00e9nero, se quedaron en el estado y nunca bajaron a los municipios donde deben implementarse las primeras acciones para prevenir y atender la violencia en contra de las mujeres.<\/p>\n\n\n\n<figure class=\"wp-block-embed-twitter wp-block-embed is-type-rich is-provider-twitter\"><div class=\"wp-block-embed__wrapper\">\n<div class=\"twitter-tweet\"><blockquote class=\"twitter-tweet\" data-lang=\"es\"><p lang=\"es\" dir=\"ltr\">La problem\u00e1tica de la Violencia Feminicida es estructural y atiende a m\u00faltiples factores, los municipios, los estados y la federaci\u00f3n debemos coordinarnos para  realizar acciones para solucionar esta pandemia social que azota nuestro pa\u00eds.<a href=\"https:\/\/twitter.com\/GobOax?ref_src=twsrc%5Etfw\">@GobOax<\/a> <a href=\"https:\/\/twitter.com\/SMO_GobOax?ref_src=twsrc%5Etfw\">@SMO_GobOax<\/a> <a href=\"https:\/\/twitter.com\/CONAVIM_MX?ref_src=twsrc%5Etfw\">@CONAVIM_MX<\/a> <a href=\"https:\/\/t.co\/39XGsxs4a9\">pic.twitter.com\/39XGsxs4a9<\/a><\/p>&mdash; Ana V\u00e1squez C. G. (@anavasquezc) <a href=\"https:\/\/twitter.com\/anavasquezc\/status\/1152034508612390912?ref_src=twsrc%5Etfw\">19 de julio de 2019<\/a><\/blockquote><\/div>\n<\/div><\/figure>\n\n\n\n<p>Por lo\nanterior, Ochoa \u00c1valos reiter\u00f3 que se van a modificar las reglas de operaci\u00f3n a\nfin de que los municipios puedan participar de forma activa en la estrategia de\ncombate a la violencia feminicida emanada de la Alerta de G\u00e9nero.<\/p>\n\n\n\n<p>Record\u00f3 que\nen el pa\u00eds son 19 alertas emitidas, distribuidas en 18 estados, las cuales\nabarcan 410 municipios, es decir poco m\u00e1s del 16 por ciento del total de los\nmunicipios en los que se divide el territorio mexicano; de ah\u00ed la necesidad de\ninvolucrar a las autoridades municipales en las acciones que conforman la\nestrategia de atenci\u00f3n.&nbsp; <\/p>\n\n\n\n<p>En la\nentidad son 40 municipios los que desde el pasado 30 agosto cuentan con la Alerta\nde G\u00e9nero, dentro de los que destacan la capital de Oaxaca de Ju\u00e1rez, San\nAntonio de la Cal, San Lorenzo Cacaotepec, Santa Luc\u00eda del Camino, Asunci\u00f3n\nNochixtl\u00e1n, Huajuapan de Le\u00f3n, Tlaxiaco, Juchit\u00e1n de Zaragoza, Mat\u00edas Romero,\nSanto Domingo Tehuantepec, San Pedro Pochutla, Santa Mar\u00eda Huatulco, Santiago\nPinotepa Nacional, entre otros.<\/p>\n\n\n\n<p>Del total de\nlos municipios se\u00f1alados, 30 tienen ascendencia ind\u00edgena, raz\u00f3n por la que de\nacuerdo con la funcionaria federal, es necesario que cada uno tenga su propio\nprograma para atender la alerta que incluya acciones de prevenci\u00f3n, atenci\u00f3n\ninmediata, medidas de seguridad y protecci\u00f3n de las mujeres que habitan en sus\nterritorios.<\/p>\n\n\n\n<p>\u201cEl reto es\nque cada municipio adapte y adopte medidas de atenci\u00f3n de acuerdo a su propia\nrealidad, de lo contrario seguir\u00e1 siendo complicado que las acciones funcionen\nde forma contundente\u201d, sentenci\u00f3.<\/p>\n\n\n\n<p>Finalmente\ndetall\u00f3 que independiente de ello, es necesario que la Fiscal\u00eda General de\nEstado de Oaxaca cuente con excelentes carpetas de investigaci\u00f3n, realizadas\npor personal sumamente profesional, que pasen al Poder Judicial para ser\nevaluadas con perspectiva de g\u00e9nero y lograr que las sanciones deriven en la\nerradicaci\u00f3n de la problem\u00e1tica que actualmente lacera a la mayor\u00eda de la\npoblaci\u00f3n mexicana, como es el caso de las mujeres.<\/p>\n","protected":false},"excerpt":{"rendered":"<p>Evlin Arag\u00f3n Oaxaca de Ju\u00e1rez, Oax., 19 de julio de 2019.- Mar\u00eda Candelaria Ochoa \u00c1valos,&hellip;<\/p>\n","protected":false},"author":2,"featured_media":2380,"comment_status":"closed","ping_status":"open","sticky":false,"template":"","format":"standard","meta":{"_lmt_disableupdate":"","_lmt_disable":"","_jetpack_memberships_contains_paid_content":false,"footnotes":""},"categories":[109,47],"tags":[369],"class_list":["post-2379","post","type-post","status-publish","format-standard","has-post-thumbnail","hentry","category-minuto-a-minuto","category-zona-gris","tag-candelaria-ochoa-conavim"],"jetpack_featured_media_url":"https:\/\/zonaroja.com.mx\/wp-content\/uploads\/2019\/07\/Candelaria-Ochoa-Conavim-2.jpg","jetpack_sharing_enabled":true,"_links":{"self":[{"href":"https:\/\/zonaroja.com.mx\/index.php?rest_route=\/wp\/v2\/posts\/2379","targetHints":{"allow":["GET"]}}],"collection":[{"href":"https:\/\/zonaroja.com.mx\/index.php?rest_route=\/wp\/v2\/posts"}],"about":[{"href":"https:\/\/zonaroja.com.mx\/index.php?rest_route=\/wp\/v2\/types\/post"}],"author":[{"embeddable":true,"href":"https:\/\/zonaroja.com.mx\/index.php?rest_route=\/wp\/v2\/users\/2"}],"replies":[{"embeddable":true,"href":"https:\/\/zonaroja.com.mx\/index.php?rest_route=%2Fwp%2Fv2%2Fcomments&post=2379"}],"version-history":[{"count":1,"href":"https:\/\/zonaroja.com.mx\/index.php?rest_route=\/wp\/v2\/posts\/2379\/revisions"}],"predecessor-version":[{"id":2381,"href":"https:\/\/zonaroja.com.mx\/index.php?rest_route=\/wp\/v2\/posts\/2379\/revisions\/2381"}],"wp:featuredmedia":[{"embeddable":true,"href":"https:\/\/zonaroja.com.mx\/index.php?rest_route=\/wp\/v2\/media\/2380"}],"wp:attachment":[{"href":"https:\/\/zonaroja.com.mx\/index.php?rest_route=%2Fwp%2Fv2%2Fmedia&parent=2379"}],"wp:term":[{"taxonomy":"category","embeddable":true,"href":"https:\/\/zonaroja.com.mx\/index.php?rest_route=%2Fwp%2Fv2%2Fcategories&post=2379"},{"taxonomy":"post_tag","embeddable":true,"href":"https:\/\/zonaroja.com.mx\/index.php?rest_route=%2Fwp%2Fv2%2Ftags&post=2379"}],"curies":[{"name":"wp","href":"https:\/\/api.w.org\/{rel}","templated":true}]}}