{"id":23795,"date":"2021-02-19T15:45:48","date_gmt":"2021-02-19T21:45:48","guid":{"rendered":"http:\/\/www.zonaroja.com.mx\/?p=23795"},"modified":"2021-02-19T15:54:46","modified_gmt":"2021-02-19T21:54:46","slug":"ante-omision-del-gobierno-de-oaxaca-cndh-atiende-a-pobladores-de-huazantlan","status":"publish","type":"post","link":"https:\/\/zonaroja.com.mx\/?p=23795","title":{"rendered":"Ante omisi\u00f3n del gobierno de Oaxaca, CNDH atiende a pobladores de Huazantl\u00e1n"},"content":{"rendered":"\n<p>Evlin Arag\u00f3n\/Zona Roja.<\/p>\n\n\n\n<p>Oaxaca de Ju\u00e1rez, Oax., 19 de febrero de 2021.- Ante la nula respuesta del gobierno de Oaxaca, enviados de la Comisi\u00f3n Nacional de Derechos Humanos (CNDH) arribaron hoy a la capital del estado para atender a las v\u00edctimas de Huazantl\u00e1n del R\u00edo que se encuentran en plant\u00f3n desde hace dos meses en el z\u00f3calo.&nbsp;&nbsp;<\/p>\n\n\n\n<p>Carlos Fazio, director general de la Segunda Visitadur\u00eda General, explic\u00f3 que desde junio del 2020 que se report\u00f3 la masacre en la zona, misma dej\u00f3 como saldo 15 personas muertas y decenas de familias desplazadas, la CNDH mantiene una investigaci\u00f3n para determinar si existen omisiones por parte de las autoridades estatales.&nbsp;<\/p>\n\n\n\n<p>Y aunque las indagatorias siguen su curso, lo que ha quedado claro durante todo este tiempo es la existencia innegable de v\u00edctimas y violaciones graves de derechos humanos en la poblaci\u00f3n ind\u00edgena que, de manera reiterada, ha denunciado omisiones por parte del gobierno de Oaxaca y la Fiscal\u00eda General de Justicia local.&nbsp;<\/p>\n\n\n\n<p>Apenas hace un par de d\u00edas, la CNDH lanz\u00f3 un llamado al gobierno que encabeza Alejandro Murat para garantizar los derechos de v\u00edctimas de desaparici\u00f3n, desplazamiento y privaci\u00f3n de la libertad, que dicho sea de paso van al alza durante su administraci\u00f3n.&nbsp;<\/p>\n\n\n\n<p>En un comunicado, el organismo enfatiz\u00f3 que las garant\u00edas de las v\u00edctimas deben ser mediante la procuraci\u00f3n de justicia en las investigaciones, como son la b\u00fasqueda y localizaci\u00f3n de las v\u00edctimas, funci\u00f3n que corresponde a la Fiscal\u00eda General del Estado, encabezada por Rub\u00e9n Vasconcelos M\u00e9ndez.<\/p>\n\n\n\n<figure class=\"wp-block-embed-twitter wp-block-embed is-type-rich is-provider-twitter\"><div class=\"wp-block-embed__wrapper\">\n<div class=\"twitter-tweet\"><blockquote class=\"twitter-tweet\" data-lang=\"es\"><p lang=\"es\" dir=\"ltr\"><a href=\"https:\/\/twitter.com\/hashtag\/%C3%9AltimoMinuto?src=hash&amp;ref_src=twsrc%5Etfw\">#\u00daltimoMinuto<\/a> <br>Oaxaca de Ju\u00e1rez, Oax., 19 de febrero de 2021.- Ante la nula respuesta del gobierno de Oaxaca, enviados de la Comisi\u00f3n Nacional de Derechos Humanos (CNDH) atienden a v\u00edctimas de Huazantl\u00e1n del R\u00edo y de otras organizaciones.<br>Aqu\u00ed transmisi\u00f3n:<a href=\"https:\/\/t.co\/xvOppFV79u\">https:\/\/t.co\/xvOppFV79u<\/a> <a href=\"https:\/\/t.co\/BnhGReUxWV\">pic.twitter.com\/BnhGReUxWV<\/a><\/p>&mdash; Zona Roja Oaxaca (@Zona_Roja_Oax) <a href=\"https:\/\/twitter.com\/Zona_Roja_Oax\/status\/1362811186144681984?ref_src=twsrc%5Etfw\">19 de febrero de 2021<\/a><\/blockquote><\/div>\n<\/div><\/figure>\n\n\n\n<p>La visita de personal de la CNDH fue vista con buenos ojos por parte de la poblaci\u00f3n desplazada de Huazantl\u00e1n del R\u00edo, sin embargo, aseguraron que lo que quieren son respuestas a sus demandas, castigo a los responsables de la masacre y un retorno seguro a su comunidad.&nbsp;&nbsp;<\/p>\n\n\n\n<p>Y es que no se trata de la primera vez que entablan comunicaci\u00f3n con la instancia, ya lo han hecho anteriormente, por lo que esperan soluciones urgentes a una problem\u00e1tica que tiene diez meses sin soluci\u00f3n y por lo cual piden medidas cautelares.&nbsp;<\/p>\n\n\n\n<p>Por su parte integrantes del Frente Popular Revolucionario (FPR), a trav\u00e9s de Macario Otalo Padilla, expusieron ante los representantes de la CNDH el deficiente actuar de las autoridades de procuraci\u00f3n de justicia en Oaxaca y de gobernaci\u00f3n estatal, que los han llevado a movilizarse en la capital del pa\u00eds de manera reciente.&nbsp;<\/p>\n\n\n\n<p>Tambi\u00e9n estuvieron el dirigente de las V\u00edctimas de Asunci\u00f3n Nochixtl\u00e1n, Ambrosio Santiago, y de la Uni\u00f3n de Artesanos y Comerciantes Oaxaque\u00f1os en Lucha (UACOL).<\/p>\n\n\n\n<p>La reuni\u00f3n se prolong\u00f3 por m\u00e1s de una hora en el campamento de Huazantl\u00e1n, en que los enviados de la CNDH se comprometieron a agilizar las indagatorias as\u00ed como responder a las medidas cautelares que reiteradamente han exigido las v\u00edctimas de Huazantl\u00e1n.<\/p>\n","protected":false},"excerpt":{"rendered":"<p>Evlin Arag\u00f3n\/Zona Roja. Oaxaca de Ju\u00e1rez, Oax., 19 de febrero de 2021.- Ante la nula&hellip;<\/p>\n","protected":false},"author":2,"featured_media":23796,"comment_status":"closed","ping_status":"open","sticky":false,"template":"","format":"standard","meta":{"_lmt_disableupdate":"","_lmt_disable":"","_jetpack_memberships_contains_paid_content":false,"footnotes":""},"categories":[109,47],"tags":[1656],"class_list":["post-23795","post","type-post","status-publish","format-standard","has-post-thumbnail","hentry","category-minuto-a-minuto","category-zona-gris","tag-huazantlan-del-rio"],"jetpack_featured_media_url":"https:\/\/zonaroja.com.mx\/wp-content\/uploads\/2021\/02\/Reunion-CNDH-con-Huazantlan.jpg","jetpack_sharing_enabled":true,"_links":{"self":[{"href":"https:\/\/zonaroja.com.mx\/index.php?rest_route=\/wp\/v2\/posts\/23795","targetHints":{"allow":["GET"]}}],"collection":[{"href":"https:\/\/zonaroja.com.mx\/index.php?rest_route=\/wp\/v2\/posts"}],"about":[{"href":"https:\/\/zonaroja.com.mx\/index.php?rest_route=\/wp\/v2\/types\/post"}],"author":[{"embeddable":true,"href":"https:\/\/zonaroja.com.mx\/index.php?rest_route=\/wp\/v2\/users\/2"}],"replies":[{"embeddable":true,"href":"https:\/\/zonaroja.com.mx\/index.php?rest_route=%2Fwp%2Fv2%2Fcomments&post=23795"}],"version-history":[{"count":2,"href":"https:\/\/zonaroja.com.mx\/index.php?rest_route=\/wp\/v2\/posts\/23795\/revisions"}],"predecessor-version":[{"id":23801,"href":"https:\/\/zonaroja.com.mx\/index.php?rest_route=\/wp\/v2\/posts\/23795\/revisions\/23801"}],"wp:featuredmedia":[{"embeddable":true,"href":"https:\/\/zonaroja.com.mx\/index.php?rest_route=\/wp\/v2\/media\/23796"}],"wp:attachment":[{"href":"https:\/\/zonaroja.com.mx\/index.php?rest_route=%2Fwp%2Fv2%2Fmedia&parent=23795"}],"wp:term":[{"taxonomy":"category","embeddable":true,"href":"https:\/\/zonaroja.com.mx\/index.php?rest_route=%2Fwp%2Fv2%2Fcategories&post=23795"},{"taxonomy":"post_tag","embeddable":true,"href":"https:\/\/zonaroja.com.mx\/index.php?rest_route=%2Fwp%2Fv2%2Ftags&post=23795"}],"curies":[{"name":"wp","href":"https:\/\/api.w.org\/{rel}","templated":true}]}}