{"id":23798,"date":"2021-02-19T15:53:20","date_gmt":"2021-02-19T21:53:20","guid":{"rendered":"http:\/\/www.zonaroja.com.mx\/?p=23798"},"modified":"2021-02-19T15:53:29","modified_gmt":"2021-02-19T21:53:29","slug":"mario-delgado-evade-opinar-sobre-caso-felix-salgado-espera-decision-de-cnhj","status":"publish","type":"post","link":"https:\/\/zonaroja.com.mx\/?p=23798","title":{"rendered":"Mario Delgado evade opinar sobre caso F\u00e9lix Salgado; espera decisi\u00f3n de CNHJ"},"content":{"rendered":"\n<p>Yuridiana Sosa\/Zona Roja.<\/p>\n\n\n\n<p>Oaxaca de Ju\u00e1rez, Oax., 19 de febrero de 2021.- A pesar que el caso del aspirante a la gubernatura de Guerrero, F\u00e9lix Salgado Macedonio, acusado de abuso sexual, ha provocado un movimiento nacional, principalmente por mujeres, el presidente del Comit\u00e9 Ejecutivo Nacional del Morena, Mario Delgado Carrillo, prefiri\u00f3 no precisar en el tema.<\/p>\n\n\n\n<p>En su visita a Oaxaca, como parte de la gira de trabajo en el marco del proceso electoral actual, Delgado Carrillo evit\u00f3 opinar sobre esta situaci\u00f3n de la que se prev\u00e9 de un voto de castigo por la designaci\u00f3n de una persona se\u00f1alada de delitos.<\/p>\n\n\n\n<p>\u201cHay un procedimiento que se lleva a cabo por parte de la Comisi\u00f3n Nacional de Honestidad y Justicia &#8211;de Morena&#8211; que nosotros vamos a respetar su resoluci\u00f3n y lo informaremos en su momento\u201d, expres\u00f3.<\/p>\n\n\n\n<p>Esto luego que esta semana se aprob\u00f3 abrir una investigaci\u00f3n de oficio contra F\u00e9lix Salgado Macedonio, al tiempo que el aspirante continu\u00f3 con su registro ante el Instituto Electoral de Participaci\u00f3n Ciudadana del Estado de Guerrero (IEPCEG).<\/p>\n\n\n\n<p>En ruta del proceso electoral, Delgado Carrillo dijo que Morena da su voto de confianza al Instituto Nacional Electoral (INE) para que ejerza una labor imparcial, lo cual no excluir\u00e1 al partido de ser exigente en su desempe\u00f1o.<\/p>\n\n\n\n<figure class=\"wp-block-embed-twitter wp-block-embed is-type-rich is-provider-twitter\"><div class=\"wp-block-embed__wrapper\">\n<div class=\"twitter-tweet\"><blockquote class=\"twitter-tweet\" data-lang=\"es\"><p lang=\"es\" dir=\"ltr\"><a href=\"https:\/\/twitter.com\/hashtag\/ENVIVO?src=hash&amp;ref_src=twsrc%5Etfw\">#ENVIVO<\/a> <br>Oaxaca de Ju\u00e1rez, Oax., 19 de febrero de 2021.- Conferencia de prensa del presidente nacional del Partido Morena, Mario Delgado.<br>Aqu\u00ed la transmisi\u00f3n: <br>\ud83d\udc47<a href=\"https:\/\/t.co\/oyORyYUruz\">https:\/\/t.co\/oyORyYUruz<\/a> <a href=\"https:\/\/t.co\/54dD9lMNGA\">pic.twitter.com\/54dD9lMNGA<\/a><\/p>&mdash; Zona Roja Oaxaca (@Zona_Roja_Oax) <a href=\"https:\/\/twitter.com\/Zona_Roja_Oax\/status\/1362838646286471174?ref_src=twsrc%5Etfw\">19 de febrero de 2021<\/a><\/blockquote><\/div>\n<\/div><\/figure>\n\n\n\n<p>El presidente de Morena ofreci\u00f3 una conferencia de prensa, acompa\u00f1ado por la dirigencia estatal, la Senadora Susana Harp y hasta el presidente de Oaxaca de Ju\u00e1rez, Oswaldo Garc\u00eda Jarqu\u00edn, quien dej\u00f3 a un lado sus labores como edil para participar en actos proselitistas.<\/p>\n\n\n\n<p>&nbsp;En conferencia, Delgado Carrillo reiter\u00f3 el llamado a la unidad y la movilizaci\u00f3n de Morena como ejes principales para expandir el proyecto de la Cuarta Transformaci\u00f3n en m\u00e1s estados y municipios en M\u00e9xico.<\/p>\n\n\n\n<p>Apost\u00f3 en que con esa ideolog\u00eda se logre contar con m\u00e1s gobierno estatales y locales a favor del proyecto que encabeza el presidente Andr\u00e9s Manuel L\u00f3pez Obrador tras la jornada electoral.<\/p>\n\n\n\n<figure class=\"wp-block-embed-twitter wp-block-embed is-type-rich is-provider-twitter\"><div class=\"wp-block-embed__wrapper\">\n<div class=\"twitter-tweet\"><blockquote class=\"twitter-tweet\" data-lang=\"es\"><p lang=\"es\" dir=\"ltr\"><a href=\"https:\/\/twitter.com\/hashtag\/RompaElPactoPresidente?src=hash&amp;ref_src=twsrc%5Etfw\">#RompaElPactoPresidente<\/a> <br>En su visita a Oaxaca, el dirigente nacional de <a href=\"https:\/\/twitter.com\/PartidoMorenaMx?ref_src=twsrc%5Etfw\">@PartidoMorenaMx<\/a>, <a href=\"https:\/\/twitter.com\/mario_delgado?ref_src=twsrc%5Etfw\">@mario_delgado<\/a>, evadi\u00f3 los cuestionamientos de la prensa sobre el caso de F\u00e9lix Salgado Macedonio en <a href=\"https:\/\/twitter.com\/hashtag\/Guerrero?src=hash&amp;ref_src=twsrc%5Etfw\">#Guerrero<\/a> y dijo que esperar\u00e1 la determinaci\u00f3n de la instancia interna de justicia. <a href=\"https:\/\/t.co\/dt6D828W4b\">pic.twitter.com\/dt6D828W4b<\/a><\/p>&mdash; Zona Roja Oaxaca (@Zona_Roja_Oax) <a href=\"https:\/\/twitter.com\/Zona_Roja_Oax\/status\/1362847912263262208?ref_src=twsrc%5Etfw\">19 de febrero de 2021<\/a><\/blockquote><\/div>\n<\/div><\/figure>\n","protected":false},"excerpt":{"rendered":"<p>Yuridiana Sosa\/Zona Roja. Oaxaca de Ju\u00e1rez, Oax., 19 de febrero de 2021.- A pesar que&hellip;<\/p>\n","protected":false},"author":2,"featured_media":23799,"comment_status":"closed","ping_status":"open","sticky":false,"template":"","format":"standard","meta":{"_lmt_disableupdate":"","_lmt_disable":"","_jetpack_memberships_contains_paid_content":false,"footnotes":""},"categories":[109,47],"tags":[2352,2136],"class_list":["post-23798","post","type-post","status-publish","format-standard","has-post-thumbnail","hentry","category-minuto-a-minuto","category-zona-gris","tag-felix-salgado-macedonio","tag-mario-delgado-carrillo"],"jetpack_featured_media_url":"https:\/\/zonaroja.com.mx\/wp-content\/uploads\/2021\/02\/Mario-Delgado-Carrillo-Oaxaca.jpg","jetpack_sharing_enabled":true,"_links":{"self":[{"href":"https:\/\/zonaroja.com.mx\/index.php?rest_route=\/wp\/v2\/posts\/23798","targetHints":{"allow":["GET"]}}],"collection":[{"href":"https:\/\/zonaroja.com.mx\/index.php?rest_route=\/wp\/v2\/posts"}],"about":[{"href":"https:\/\/zonaroja.com.mx\/index.php?rest_route=\/wp\/v2\/types\/post"}],"author":[{"embeddable":true,"href":"https:\/\/zonaroja.com.mx\/index.php?rest_route=\/wp\/v2\/users\/2"}],"replies":[{"embeddable":true,"href":"https:\/\/zonaroja.com.mx\/index.php?rest_route=%2Fwp%2Fv2%2Fcomments&post=23798"}],"version-history":[{"count":1,"href":"https:\/\/zonaroja.com.mx\/index.php?rest_route=\/wp\/v2\/posts\/23798\/revisions"}],"predecessor-version":[{"id":23800,"href":"https:\/\/zonaroja.com.mx\/index.php?rest_route=\/wp\/v2\/posts\/23798\/revisions\/23800"}],"wp:featuredmedia":[{"embeddable":true,"href":"https:\/\/zonaroja.com.mx\/index.php?rest_route=\/wp\/v2\/media\/23799"}],"wp:attachment":[{"href":"https:\/\/zonaroja.com.mx\/index.php?rest_route=%2Fwp%2Fv2%2Fmedia&parent=23798"}],"wp:term":[{"taxonomy":"category","embeddable":true,"href":"https:\/\/zonaroja.com.mx\/index.php?rest_route=%2Fwp%2Fv2%2Fcategories&post=23798"},{"taxonomy":"post_tag","embeddable":true,"href":"https:\/\/zonaroja.com.mx\/index.php?rest_route=%2Fwp%2Fv2%2Ftags&post=23798"}],"curies":[{"name":"wp","href":"https:\/\/api.w.org\/{rel}","templated":true}]}}