{"id":23802,"date":"2021-02-19T18:40:21","date_gmt":"2021-02-20T00:40:21","guid":{"rendered":"http:\/\/www.zonaroja.com.mx\/?p=23802"},"modified":"2021-02-19T18:40:24","modified_gmt":"2021-02-20T00:40:24","slug":"tribunal-acredita-actos-anticipados-de-campana-de-jesus-romero-y-lo-sanciona","status":"publish","type":"post","link":"https:\/\/zonaroja.com.mx\/?p=23802","title":{"rendered":"Tribunal acredita actos anticipados de campa\u00f1a de Jes\u00fas Romero y lo sanciona"},"content":{"rendered":"\n<p>Yuridiana Sosa\/Zona Roja.<\/p>\n\n\n\n<p>Oaxaca de Ju\u00e1rez, Oax., 19 de febrero de 2021.- El Tribula Electoral del Estado de Oaxaca (TEEO) resolvi\u00f3 que Jes\u00fas Romero L\u00f3pez, aspirante a la candidatura de la presidencia de Oaxaca de Ju\u00e1rez por Morena, cometi\u00f3 actos anticipados de campa\u00f1a.<\/p>\n\n\n\n<p>En sesi\u00f3n p\u00fablica presencial, a puerta cerrada, los magistrados resolvieron el expediente PES\/10\/2021 sobre la presunta comisi\u00f3n de actos anticipados de campa\u00f1a en contra del ex priista, ex perredista y ex de Partido del Trabajo.<\/p>\n\n\n\n<p>El TEEO determin\u00f3 se aplique una multa econ\u00f3mica por 50 UMA, con un valor de cuatro mil 481 pesos, por la acci\u00f3n cometida por el denunciado, registrado como precandidato a primer concejal de Oaxaca de Ju\u00e1rez, por el partido Morena.<\/p>\n\n\n\n<p>Romero L\u00f3pez, indic\u00f3 el organismo, se benefici\u00f3 de la difusi\u00f3n de espectaculares y carteleras, viniles o adhesivos en el transporte p\u00fablico, as\u00ed como de la difusi\u00f3n de mensajes en redes sociales.<\/p>\n\n\n\n<p>Alguno de los videos y publicaciones denunciados como actos anticipados ya se encontraban difundidas desde el 15 de enero de 2021 permanecieron publicados hasta el 25 de enero en la p\u00e1gina de Facebook de Jes\u00fas Romero.<\/p>\n\n\n\n<p>Determin\u00f3 que las publicaciones en la red social Facebook y los espectaculares denunciados se difundieron durante el denominado periodo de precampa\u00f1a, antes del inicio formal del periodo de campa\u00f1as, que para el caso de candidatos a concejales es el 4 de abril al 2 de junio.<\/p>\n\n\n\n<p>\u201cDentro de los elementos t\u00e9cnicos verificados se demuestra que estos tienen un llamado expreso e inequ\u00edvoco al voto en favor de la candidatura del denunciado\u201d, indic\u00f3 el documento.<\/p>\n\n\n\n<p>Pues, la intenci\u00f3n y finalidad de las publicaciones, as\u00ed como los mensajes emitidos fueron para inducir a los ciudadanos a votar y apoyar a Jes\u00fas Romero as\u00ed como a Morena en las elecciones.<\/p>\n\n\n\n<p>El pasado 12 de febrero, el denunciado se manifest\u00f3 en las oficinas del Instituto Estatal Electoral y de Participaci\u00f3n Ciudadana de Oaxaca (IEEPCO) ante la medida cautelar que emiti\u00f3 en contra y en la que le ofreci\u00f3 un plazo de 24 horas para que retirara los anuncios espectaculares que promocionan su imagen.<\/p>\n\n\n\n<p>OTROS ACTOS<\/p>\n\n\n\n<p>Por otra parte, en el Juicio para la Protecci\u00f3n de los Derechos Pol\u00edtico Electorales del Ciudadano con n\u00famero JDC\/108\/2020, este Tribunal declar\u00f3 la existencia de violencia pol\u00edtica contra el regidor de Panteones del municipio de San Pablo Huixtepec, por parte del presidente municipal de esa localidad.<\/p>\n\n\n\n<p>En la sentencia se advirti\u00f3 que la autoridad responsable no convoc\u00f3 al actor a diversas sesiones de Cabildo, desde el a\u00f1o 2019, con el objeto de perjudicarlo en el ejercicio del cargo, a manera de represalia.<\/p>\n\n\n\n<p>En tanto, el \u00f3rgano jurisdiccional determin\u00f3 que no se actualizan los cinco elementos que establece el protocolo para la atenci\u00f3n de violencia pol\u00edtica en raz\u00f3n de g\u00e9nero dentro del Procedimiento Especial Sancionador n\u00famero PES\/02\/2021, interpuesto por la diputada federal del Partido Acci\u00f3n Nacional, Dulce Alejandra Garc\u00eda Morl\u00e1n.<\/p>\n\n\n\n<p>En esta resoluci\u00f3n se se\u00f1ala que, de las pruebas presentadas por el Comit\u00e9 Directivo Estatal del PAN, se acredita que, contrario a lo expuesto por la denunciante, s\u00ed ha sido convocada a diversas reuniones internas mediante correo electr\u00f3nico; as\u00ed como, que la legisladora no ha solicitado que sus publicaciones de redes sociales sean replicadas en las cuentas institucionales de este comit\u00e9.<\/p>\n\n\n\n<p>Respecto al expediente PES\/15\/2021, el TEEO declar\u00f3 inexistentes los actos denunciados por una ciudadana contra la Presidenta Honoraria del DIF Municipal de Ocotl\u00e1n de Morelos y del Diputado local Horacio Sosa Villavicencio.<\/p>\n\n\n\n<p>En autos se advirti\u00f3 que no se acredit\u00f3 la entrega de apoyos a ciudadanos de esa localidad, adquiridos con recursos p\u00fablicos.<\/p>\n","protected":false},"excerpt":{"rendered":"<p>Yuridiana Sosa\/Zona Roja. Oaxaca de Ju\u00e1rez, Oax., 19 de febrero de 2021.- El Tribula Electoral&hellip;<\/p>\n","protected":false},"author":2,"featured_media":23803,"comment_status":"closed","ping_status":"open","sticky":false,"template":"","format":"standard","meta":{"_lmt_disableupdate":"","_lmt_disable":"","_jetpack_memberships_contains_paid_content":false,"footnotes":""},"categories":[109,47],"tags":[891],"class_list":["post-23802","post","type-post","status-publish","format-standard","has-post-thumbnail","hentry","category-minuto-a-minuto","category-zona-gris","tag-jesus-romero-lopez"],"jetpack_featured_media_url":"https:\/\/zonaroja.com.mx\/wp-content\/uploads\/2021\/02\/Jesus-Romero-Lopez-2.jpg","jetpack_sharing_enabled":true,"_links":{"self":[{"href":"https:\/\/zonaroja.com.mx\/index.php?rest_route=\/wp\/v2\/posts\/23802","targetHints":{"allow":["GET"]}}],"collection":[{"href":"https:\/\/zonaroja.com.mx\/index.php?rest_route=\/wp\/v2\/posts"}],"about":[{"href":"https:\/\/zonaroja.com.mx\/index.php?rest_route=\/wp\/v2\/types\/post"}],"author":[{"embeddable":true,"href":"https:\/\/zonaroja.com.mx\/index.php?rest_route=\/wp\/v2\/users\/2"}],"replies":[{"embeddable":true,"href":"https:\/\/zonaroja.com.mx\/index.php?rest_route=%2Fwp%2Fv2%2Fcomments&post=23802"}],"version-history":[{"count":1,"href":"https:\/\/zonaroja.com.mx\/index.php?rest_route=\/wp\/v2\/posts\/23802\/revisions"}],"predecessor-version":[{"id":23804,"href":"https:\/\/zonaroja.com.mx\/index.php?rest_route=\/wp\/v2\/posts\/23802\/revisions\/23804"}],"wp:featuredmedia":[{"embeddable":true,"href":"https:\/\/zonaroja.com.mx\/index.php?rest_route=\/wp\/v2\/media\/23803"}],"wp:attachment":[{"href":"https:\/\/zonaroja.com.mx\/index.php?rest_route=%2Fwp%2Fv2%2Fmedia&parent=23802"}],"wp:term":[{"taxonomy":"category","embeddable":true,"href":"https:\/\/zonaroja.com.mx\/index.php?rest_route=%2Fwp%2Fv2%2Fcategories&post=23802"},{"taxonomy":"post_tag","embeddable":true,"href":"https:\/\/zonaroja.com.mx\/index.php?rest_route=%2Fwp%2Fv2%2Ftags&post=23802"}],"curies":[{"name":"wp","href":"https:\/\/api.w.org\/{rel}","templated":true}]}}