{"id":23805,"date":"2021-02-19T20:03:58","date_gmt":"2021-02-20T02:03:58","guid":{"rendered":"http:\/\/www.zonaroja.com.mx\/?p=23805"},"modified":"2021-02-19T20:04:02","modified_gmt":"2021-02-20T02:04:02","slug":"enesimo-feminicidio-muere-carolina-en-juchitan-victima-de-golpiza-de-su-pareja","status":"publish","type":"post","link":"https:\/\/zonaroja.com.mx\/?p=23805","title":{"rendered":"En\u00e9simo feminicidio: muere Carolina en Juchit\u00e1n, v\u00edctima de golpiza de su pareja"},"content":{"rendered":"\n<p>Ismael Garc\u00eda M.\/Zona Roja.<\/p>\n\n\n\n<p>Oaxaca de Ju\u00e1rez, Oax., 19 de febrero de 2021.- Luego de casi dos semanas de agon\u00eda en el hospital \u201cDr. Macedonio Ben\u00edtez Fuentes\u201d de Juchit\u00e1n de Zaragoza, Oaxaca, este viernes perdi\u00f3 la vida la joven Carolina L. L., golpeada por su pareja Antonio C. L.<\/p>\n\n\n\n<p>Fue solamente tras la exigencia del Grupo de Mujeres \u201c8 de Marzo\u201d y la presi\u00f3n social en que la Fiscal\u00eda General del Estado pidi\u00f3 una orden a un juez, para detener el 10 de febrero al hoy presunto feminicida.<\/p>\n\n\n\n<p>Sin embargo, Carolina vivi\u00f3 una d\u00e9cada de terror al lado de su pareja, situaci\u00f3n que fue denunciada en m\u00faltiples ocasiones, sin que ninguna autoridad la escuchara.<\/p>\n\n\n\n<p>El 8 de febrero, finalmente y tras gritos de auxilio, la mujer de 28 a\u00f1os de edad fue rescatada de su domicilio por parte de polic\u00edas estatales, para ser llevada a un hospital.<\/p>\n\n\n\n<p>La hallaron amarrada y con m\u00faltiples huellas de golpes en el cuerpo y en la cara, adem\u00e1s de afectaciones psicol\u00f3gicas.<\/p>\n\n\n\n<p>DA\u00d1OS FRECUENTES<\/p>\n\n\n\n<p>Con anterioridad, el Grupo de Mujeres hab\u00eda narrado que el viernes 5 de febrero su pareja agredi\u00f3 a Carolina f\u00edsicamente con palos, cables, varillas, machete, barreta, adem\u00e1s de amarrarla a la silla, con la intenci\u00f3n de asesinarla.<\/p>\n\n\n\n<p>Indic\u00f3 que en 2012, la v\u00edctima recibi\u00f3 golpes del mismo agresor, en ese entonces estaba embarazada y con los terribles golpes perdi\u00f3 la vida su bebe que fue extra\u00eddo de su vientre con signos de violencia f\u00edsica.<\/p>\n\n\n\n<p>\u201cRecordaremos a Carolina como una mujer valiente, que siempre luch\u00f3 por salir adelante a pesar de todo, estuvo luchando y aferr\u00e1ndose a la vida durante doce d\u00edas en el hospital, hoy Carolina es una v\u00edctima m\u00e1s de la violencia machista y mis\u00f3gena, una m\u00e1s de la violencia que ejercen los hombres contra las mujeres.<\/p>\n\n\n\n<p>\u201cCaro es la expresi\u00f3n m\u00e1s clara de las persistentes desigualdades entre mujeres y hombres, recordemos que el feminicidio es la forma m\u00e1s extrema de violencia contra las mujeres.<\/p>\n\n\n\n<p>\u201cExigimos a las Instituciones de procuraci\u00f3n de justicia que se apliquen todos los protocolos para la investigaci\u00f3n del delito de feminicidio para que en el momento procesal oportuno se reclasifique al delito de feminicidio.<\/p>\n\n\n\n<p>\u201cDesde el Grupo de Mujeres \u20188 de Marzo\u2019 A. C. pedimos a los tres niveles de gobierno tomen medidas eficaces, tanto jur\u00eddicas como progresivas para garantizar a las mujeres una vida digna y libre de violencia. Seguiremos alzando la voz hasta que la justicia se haga costumbre\u201d, difundi\u00f3 hoy la asociaci\u00f3n civil.<\/p>\n","protected":false},"excerpt":{"rendered":"<p>Ismael Garc\u00eda M.\/Zona Roja. Oaxaca de Ju\u00e1rez, Oax., 19 de febrero de 2021.- Luego de&hellip;<\/p>\n","protected":false},"author":2,"featured_media":15752,"comment_status":"closed","ping_status":"open","sticky":false,"template":"","format":"standard","meta":{"_lmt_disableupdate":"","_lmt_disable":"","_jetpack_memberships_contains_paid_content":false,"footnotes":""},"categories":[109,51],"tags":[2471,610],"class_list":["post-23805","post","type-post","status-publish","format-standard","has-post-thumbnail","hentry","category-minuto-a-minuto","category-zona-roja","tag-carolina-l-l","tag-feminicidios-oaxaca"],"jetpack_featured_media_url":"https:\/\/zonaroja.com.mx\/wp-content\/uploads\/2020\/08\/Feminicidios-Oaxaca-3.jpg","jetpack_sharing_enabled":true,"_links":{"self":[{"href":"https:\/\/zonaroja.com.mx\/index.php?rest_route=\/wp\/v2\/posts\/23805","targetHints":{"allow":["GET"]}}],"collection":[{"href":"https:\/\/zonaroja.com.mx\/index.php?rest_route=\/wp\/v2\/posts"}],"about":[{"href":"https:\/\/zonaroja.com.mx\/index.php?rest_route=\/wp\/v2\/types\/post"}],"author":[{"embeddable":true,"href":"https:\/\/zonaroja.com.mx\/index.php?rest_route=\/wp\/v2\/users\/2"}],"replies":[{"embeddable":true,"href":"https:\/\/zonaroja.com.mx\/index.php?rest_route=%2Fwp%2Fv2%2Fcomments&post=23805"}],"version-history":[{"count":1,"href":"https:\/\/zonaroja.com.mx\/index.php?rest_route=\/wp\/v2\/posts\/23805\/revisions"}],"predecessor-version":[{"id":23806,"href":"https:\/\/zonaroja.com.mx\/index.php?rest_route=\/wp\/v2\/posts\/23805\/revisions\/23806"}],"wp:featuredmedia":[{"embeddable":true,"href":"https:\/\/zonaroja.com.mx\/index.php?rest_route=\/wp\/v2\/media\/15752"}],"wp:attachment":[{"href":"https:\/\/zonaroja.com.mx\/index.php?rest_route=%2Fwp%2Fv2%2Fmedia&parent=23805"}],"wp:term":[{"taxonomy":"category","embeddable":true,"href":"https:\/\/zonaroja.com.mx\/index.php?rest_route=%2Fwp%2Fv2%2Fcategories&post=23805"},{"taxonomy":"post_tag","embeddable":true,"href":"https:\/\/zonaroja.com.mx\/index.php?rest_route=%2Fwp%2Fv2%2Ftags&post=23805"}],"curies":[{"name":"wp","href":"https:\/\/api.w.org\/{rel}","templated":true}]}}