{"id":23807,"date":"2021-02-19T21:07:52","date_gmt":"2021-02-20T03:07:52","guid":{"rendered":"http:\/\/www.zonaroja.com.mx\/?p=23807"},"modified":"2021-02-19T21:07:56","modified_gmt":"2021-02-20T03:07:56","slug":"exigen-en-tuxtepec-construccion-de-centro-de-salud-demolido-hace-tres-anos","status":"publish","type":"post","link":"https:\/\/zonaroja.com.mx\/?p=23807","title":{"rendered":"Exigen en Tuxtepec construcci\u00f3n de Centro de Salud demolido hace tres a\u00f1os"},"content":{"rendered":"\n<p>Yuridiana Sosa\/Zona Roja. Foto: Tv Bus.<\/p>\n\n\n\n<p>San Juan Bautista Tuxtepec, Oax., 19 de febrero de 2021.- Habitantes de la agencia de San Bartolo, de Tuxtepec, protestaron hoy para exigir al gobernador Alejandro Murat, la construcci\u00f3n una cl\u00ednica que fue demolida en 2018 por los Servicios de Salud de Oaxaca (SSO).<\/p>\n\n\n\n<p>Con lonas, pancartas y reclamos de viva voz, los afectados realizaron una manifestaci\u00f3n en el espacio donde se ubicaba el centro de salud en esa misma comunidad, el cual ahora es s\u00f3lo un terreno bald\u00edo.<\/p>\n\n\n\n<p>\u201cGobernador, San Bartolo sigue esperando la construcci\u00f3n de la cl\u00ednica que destruiste. Tres a\u00f1os de paciencia es demasiado, exigimos atenci\u00f3n inmediata\u201d, citaron en una lona que portaron de esta agencia.<\/p>\n\n\n\n<p>De acuerdo con el agente municipal, Paulino Soto, el Gobierno del Estado invertir\u00eda 18.5 millones de pesos, pero desde hace m\u00e1s de un a\u00f1o, ninguna autoridad, ni local ni estatal ofrece respuesta sobre el destino del recurso que no se aplic\u00f3.<\/p>\n\n\n\n<p>Desde ese entonces los habitantes deben acudir a otra cl\u00ednica de salud, en lado opuesto a su comunidad, lo que representa mayor gasto y tiempo, o en su caso, recurren a servicios privados.<\/p>\n\n\n\n<p>Por esta obra, los trabajadores de los Servicios de Salud de Oaxaca (SSO), adheridos a la Secci\u00f3n 35 del Sindicato Nacional de Trabajadores de Salud, tambi\u00e9n se han manifestado para exigir la construcci\u00f3n y una explicaci\u00f3n de la inversi\u00f3n.<\/p>\n\n\n\n<p>El centro de salud fue demolido en febrero de 2018 por un plan de modernizaci\u00f3n del espacio por parte de los SSO, en el cual se ofrec\u00eda atenci\u00f3n a cerca de 13 mil habitantes.<\/p>\n\n\n\n<p>Ante esta situaci\u00f3n, los habitantes planean manifestarse ante la visita del mandatario estatal, programada para este s\u00e1bado en Tuxtepec.<\/p>\n","protected":false},"excerpt":{"rendered":"<p>Yuridiana Sosa\/Zona Roja. Foto: Tv Bus. San Juan Bautista Tuxtepec, Oax., 19 de febrero de&hellip;<\/p>\n","protected":false},"author":2,"featured_media":23808,"comment_status":"closed","ping_status":"open","sticky":false,"template":"","format":"standard","meta":{"_lmt_disableupdate":"","_lmt_disable":"","_jetpack_memberships_contains_paid_content":false,"footnotes":""},"categories":[109,47],"tags":[118],"class_list":["post-23807","post","type-post","status-publish","format-standard","has-post-thumbnail","hentry","category-minuto-a-minuto","category-zona-gris","tag-san-juan-bautista-tuxtepec"],"jetpack_featured_media_url":"https:\/\/zonaroja.com.mx\/wp-content\/uploads\/2021\/02\/Protesta-San-Bartolo.jpg","jetpack_sharing_enabled":true,"_links":{"self":[{"href":"https:\/\/zonaroja.com.mx\/index.php?rest_route=\/wp\/v2\/posts\/23807","targetHints":{"allow":["GET"]}}],"collection":[{"href":"https:\/\/zonaroja.com.mx\/index.php?rest_route=\/wp\/v2\/posts"}],"about":[{"href":"https:\/\/zonaroja.com.mx\/index.php?rest_route=\/wp\/v2\/types\/post"}],"author":[{"embeddable":true,"href":"https:\/\/zonaroja.com.mx\/index.php?rest_route=\/wp\/v2\/users\/2"}],"replies":[{"embeddable":true,"href":"https:\/\/zonaroja.com.mx\/index.php?rest_route=%2Fwp%2Fv2%2Fcomments&post=23807"}],"version-history":[{"count":1,"href":"https:\/\/zonaroja.com.mx\/index.php?rest_route=\/wp\/v2\/posts\/23807\/revisions"}],"predecessor-version":[{"id":23809,"href":"https:\/\/zonaroja.com.mx\/index.php?rest_route=\/wp\/v2\/posts\/23807\/revisions\/23809"}],"wp:featuredmedia":[{"embeddable":true,"href":"https:\/\/zonaroja.com.mx\/index.php?rest_route=\/wp\/v2\/media\/23808"}],"wp:attachment":[{"href":"https:\/\/zonaroja.com.mx\/index.php?rest_route=%2Fwp%2Fv2%2Fmedia&parent=23807"}],"wp:term":[{"taxonomy":"category","embeddable":true,"href":"https:\/\/zonaroja.com.mx\/index.php?rest_route=%2Fwp%2Fv2%2Fcategories&post=23807"},{"taxonomy":"post_tag","embeddable":true,"href":"https:\/\/zonaroja.com.mx\/index.php?rest_route=%2Fwp%2Fv2%2Ftags&post=23807"}],"curies":[{"name":"wp","href":"https:\/\/api.w.org\/{rel}","templated":true}]}}