{"id":23817,"date":"2021-02-20T07:43:52","date_gmt":"2021-02-20T13:43:52","guid":{"rendered":"http:\/\/www.zonaroja.com.mx\/?p=23817"},"modified":"2021-02-20T07:49:11","modified_gmt":"2021-02-20T13:49:11","slug":"mutl-dice-si-a-paz-pero-rechaza-guardia-nacional-amlo-promete-ir-a-zona-triqui","status":"publish","type":"post","link":"https:\/\/zonaroja.com.mx\/?p=23817","title":{"rendered":"MUTL dice s\u00ed a paz pero rechaza Guardia Nacional; AMLO promete ir a zona triqui"},"content":{"rendered":"\n<p>Yuridiana Sosa\/Zona Roja.<\/p>\n\n\n\n<p>Oaxaca de Ju\u00e1rez, Oax., 20 de febrero de 2021.- El Movimiento de Unificaci\u00f3n y Lucha Triqui (MULT), se pronunci\u00f3 ayer por un s\u00ed a un acuerdo de paz, pero no a la \u201cmilitarizaci\u00f3n\u201d de las comunidades de esa zona de la regi\u00f3n Mixteca de Oaxaca.<\/p>\n\n\n\n<p>\u201cPor la instalaci\u00f3n de la mesa de di\u00e1logo, para atender y resolver la problem\u00e1tica social, tomamos la palabra a nuestro Presidente de la Rep\u00fablica, y vamos con la Cuarta Transformaci\u00f3n de no robar, no mentir, no traicionar y no simular\u201d, dijo ayer en un breve comunicado.<\/p>\n\n\n\n<p>Y es que ayer tambi\u00e9n, la inestabilidad social &#8211;que ha derivado en violencia&#8211; en la zona Triqui de Oaxaca fue expuesta nuevamente en la conferencia \u201cma\u00f1anera\u201d, en la que el presidente Andr\u00e9s Manuel L\u00f3pez Obrador ofreci\u00f3 su visita e hizo llamados a las organizaciones sociales.<\/p>\n\n\n\n<p>\u201cYo quiero aprovechar para manifestar un exhorto, hacer una convocatoria a la unidad de los pueblos triquis, que se busque la paz\u201d, expres\u00f3 el mandatario nacional ante las complicaciones que a\u00fan registran en Tierra Blanca Copala, de Santiago Juxtlahuaca, a m\u00e1s de un mes de los ataques armados y desplazamiento de las familias.<\/p>\n\n\n\n<p>L\u00f3pez Obrador se dirigi\u00f3 a la comunidad y a las organizaciones sociales involucradas, a quienes expuso:<\/p>\n\n\n\n<p>\u201cYo les ofrezco a los hermanos triquis que, de lograrse este acuerdo, voy yo a Copala, voy a la regi\u00f3n Triqui y all\u00e1 celebramos el acuerdo entre todos, de la paz y con la garant\u00eda que van a lograrse m\u00e1s acciones de bienestar para todos\u201d.<\/p>\n\n\n\n<p>Esto luego que este jueves una de las organizaciones \u2013MULT- impidi\u00f3 el acceso de la Guardia Nacional a Tierra Blanca Copala como parte del proceso del retorno de los desplazados, tema que abordado en la conferencia matutina por el medio \u201cContral\u00ednea\u201d.<\/p>\n\n\n\n<figure class=\"wp-block-image size-large\"><img decoding=\"async\" width=\"1024\" height=\"768\" src=\"http:\/\/www.zonaroja.com.mx\/wp-content\/uploads\/2021\/02\/MULT-triquis-1-1024x768.jpg\" alt=\"\" class=\"wp-image-23818\" srcset=\"https:\/\/zonaroja.com.mx\/wp-content\/uploads\/2021\/02\/MULT-triquis-1-1024x768.jpg 1024w, https:\/\/zonaroja.com.mx\/wp-content\/uploads\/2021\/02\/MULT-triquis-1-300x225.jpg 300w, https:\/\/zonaroja.com.mx\/wp-content\/uploads\/2021\/02\/MULT-triquis-1-768x576.jpg 768w, https:\/\/zonaroja.com.mx\/wp-content\/uploads\/2021\/02\/MULT-triquis-1-1170x878.jpg 1170w, https:\/\/zonaroja.com.mx\/wp-content\/uploads\/2021\/02\/MULT-triquis-1-585x439.jpg 585w, https:\/\/zonaroja.com.mx\/wp-content\/uploads\/2021\/02\/MULT-triquis-1.jpg 1280w\" sizes=\"(max-width: 1024px) 100vw, 1024px\" \/><\/figure>\n\n\n\n<p>Ante esta situaci\u00f3n, el Presidente manifest\u00f3 que la paz no es un asunto que se resuelva \u00fanicamente con la presencia de la Guardia Nacional, misma que se efectu\u00f3 a solicitud de los desplazados, pero lo mejor, agreg\u00f3, \u201ces el acuerdo entre todos\u201d.<\/p>\n\n\n\n<p>Por lo que confi\u00f3 que los trabajos efectuados desde la Subsecretar\u00eda de Derechos Humanos de la Secretar\u00eda de Gobernaci\u00f3n y el Gobierno de Oaxaca se alcance la paz en la zona.<\/p>\n\n\n\n<p>\u201cSi estamos esperando a que el gobierno va a apoyar a una organizaci\u00f3n, pues no, el gobierno no puede hacer eso, porque el gobierno representa a todo el pueblo, lo que podemos hacer es conciliarnos y hacer de un lado el manique\u00edsmo\u2026Vamos todos a buscar la paz sin mantener la confrontaci\u00f3n. Tengo confianza en que vamos a poder avanzar\u201d, enfatiz\u00f3.<\/p>\n\n\n\n<p>Mientras que el general Luis Rodr\u00edguez Bucio confirm\u00f3 sobre la oposici\u00f3n de una de las partes para dar acceso a la Guardia Nacional; como el MULTI lo manifest\u00f3 respecto a la negativa del MULT registrada este jueves.<\/p>\n\n\n\n<p>El general dijo que la Guardia Nacional hace presencia en petici\u00f3n de la comunidad, misma que solicita una base, pero esa acci\u00f3n no est\u00e1 decidida.<\/p>\n\n\n\n<p>\u201cSi es necesario y si la misma comunidad consideran necesaria y conveniente de forma permanente la presencia de la Guardia Nacional, con todo gusto, nosotros no estaremos si no se acepta, ni consenso\u201d, expres\u00f3.<\/p>\n","protected":false},"excerpt":{"rendered":"<p>Yuridiana Sosa\/Zona Roja. Oaxaca de Ju\u00e1rez, Oax., 20 de febrero de 2021.- El Movimiento de&hellip;<\/p>\n","protected":false},"author":2,"featured_media":23819,"comment_status":"closed","ping_status":"open","sticky":false,"template":"","format":"standard","meta":{"_lmt_disableupdate":"","_lmt_disable":"","_jetpack_memberships_contains_paid_content":false,"footnotes":""},"categories":[109,47],"tags":[2472,1712],"class_list":["post-23817","post","type-post","status-publish","format-standard","has-post-thumbnail","hentry","category-minuto-a-minuto","category-zona-gris","tag-mu","tag-tierra-blanca-copala"],"jetpack_featured_media_url":"https:\/\/zonaroja.com.mx\/wp-content\/uploads\/2021\/02\/MULT-triquis-2.jpg","jetpack_sharing_enabled":true,"_links":{"self":[{"href":"https:\/\/zonaroja.com.mx\/index.php?rest_route=\/wp\/v2\/posts\/23817","targetHints":{"allow":["GET"]}}],"collection":[{"href":"https:\/\/zonaroja.com.mx\/index.php?rest_route=\/wp\/v2\/posts"}],"about":[{"href":"https:\/\/zonaroja.com.mx\/index.php?rest_route=\/wp\/v2\/types\/post"}],"author":[{"embeddable":true,"href":"https:\/\/zonaroja.com.mx\/index.php?rest_route=\/wp\/v2\/users\/2"}],"replies":[{"embeddable":true,"href":"https:\/\/zonaroja.com.mx\/index.php?rest_route=%2Fwp%2Fv2%2Fcomments&post=23817"}],"version-history":[{"count":2,"href":"https:\/\/zonaroja.com.mx\/index.php?rest_route=\/wp\/v2\/posts\/23817\/revisions"}],"predecessor-version":[{"id":23821,"href":"https:\/\/zonaroja.com.mx\/index.php?rest_route=\/wp\/v2\/posts\/23817\/revisions\/23821"}],"wp:featuredmedia":[{"embeddable":true,"href":"https:\/\/zonaroja.com.mx\/index.php?rest_route=\/wp\/v2\/media\/23819"}],"wp:attachment":[{"href":"https:\/\/zonaroja.com.mx\/index.php?rest_route=%2Fwp%2Fv2%2Fmedia&parent=23817"}],"wp:term":[{"taxonomy":"category","embeddable":true,"href":"https:\/\/zonaroja.com.mx\/index.php?rest_route=%2Fwp%2Fv2%2Fcategories&post=23817"},{"taxonomy":"post_tag","embeddable":true,"href":"https:\/\/zonaroja.com.mx\/index.php?rest_route=%2Fwp%2Fv2%2Ftags&post=23817"}],"curies":[{"name":"wp","href":"https:\/\/api.w.org\/{rel}","templated":true}]}}