{"id":2382,"date":"2019-07-19T18:12:16","date_gmt":"2019-07-19T23:12:16","guid":{"rendered":"http:\/\/www.zonaroja.com.mx\/?p=2382"},"modified":"2019-07-19T18:12:18","modified_gmt":"2019-07-19T23:12:18","slug":"muere-mujer-paramedico-y-un-motociclista-en-accidentes-viales","status":"publish","type":"post","link":"https:\/\/zonaroja.com.mx\/?p=2382","title":{"rendered":"Muere mujer param\u00e9dico y un motociclista en accidentes viales"},"content":{"rendered":"\n<p>Redacci\u00f3n<\/p>\n\n\n\n<p>Oaxaca de\nJu\u00e1rez, Oax., 19 de julio de 2019.- Dos personas perdieron la vida la tarde de\neste viernes a causa de accidentes viales, sucedidos en las regiones Valles\nCentrales e Istmo de Tehuantepec.<\/p>\n\n\n\n<p>En la calle\nNuevo Le\u00f3n esquina con avenida Ju\u00e1rez de la colonia Benito Ju\u00e1rez de Santo\nDomingo Tehuantepec, un cami\u00f3n de la empresa Lala arroy\u00f3 a un mototaxi, en que\nviajaba la enfermera y param\u00e9dico de la Cruz Roja Mexicana, Selene Lizeth Ter\u00e1n,\nquien falleci\u00f3 en el lugar.<\/p>\n\n\n\n<p>Otro de los\nocupantes del mototaxi result\u00f3 lesionado y trasladado a un hospital de la zona;\nla Polic\u00eda Vial y personal de la Vicefiscal\u00eda Regional del Istmo iniciaron las\nindagatorias para deslindar responsabilidades.<\/p>\n\n\n\n<p>Por otra\nparte, en la calle Fresnos de la colonia Alem\u00e1n, de la ciudad de Oaxaca, en la\nzona colindante con Santa Cruz Xoxocotl\u00e1n, el conductor de un cami\u00f3n de carga\natropell\u00f3 a un motociclista.<\/p>\n\n\n\n<p>El cuerpo del motociclista qued\u00f3 debajo de la pesada unidad de motor, con placas de circulaci\u00f3n 492-AJ-7 del Servicio P\u00fablico Federal; la v\u00edctima no ha sido identificada hasta esta tarde.<\/p>\n\n\n\n<figure class=\"wp-block-embed-twitter wp-block-embed is-type-rich is-provider-twitter\"><div class=\"wp-block-embed__wrapper\">\n<div class=\"twitter-tweet\"><blockquote class=\"twitter-tweet\" data-lang=\"es\"><p lang=\"es\" dir=\"ltr\"><a href=\"https:\/\/twitter.com\/hashtag\/OaxacaRojo?src=hash&amp;ref_src=twsrc%5Etfw\">#OaxacaRojo<\/a><br>Un cami\u00f3n de carga atropell\u00f3 a un motociclista esta tarde cerca de la avenida S\u00edmbolos Patrios, en la colindancia de la ciudad de Oaxaca con Santa Cruz Xoxocotl\u00e1n; reportan que la v\u00edctima ya no cuenta con signos vitales. <a href=\"https:\/\/t.co\/qr0i8TlaQu\">pic.twitter.com\/qr0i8TlaQu<\/a><\/p>&mdash; Zona Roja Oaxaca (@MexRoja) <a href=\"https:\/\/twitter.com\/MexRoja\/status\/1152315677576957953?ref_src=twsrc%5Etfw\">19 de julio de 2019<\/a><\/blockquote><\/div>\n<\/div><\/figure>\n","protected":false},"excerpt":{"rendered":"<p>Redacci\u00f3n Oaxaca de Ju\u00e1rez, Oax., 19 de julio de 2019.- Dos personas perdieron la vida&hellip;<\/p>\n","protected":false},"author":2,"featured_media":2383,"comment_status":"closed","ping_status":"open","sticky":false,"template":"","format":"standard","meta":{"_lmt_disableupdate":"","_lmt_disable":"","_jetpack_memberships_contains_paid_content":false,"footnotes":""},"categories":[109,51],"tags":[370],"class_list":["post-2382","post","type-post","status-publish","format-standard","has-post-thumbnail","hentry","category-minuto-a-minuto","category-zona-roja","tag-mueren-dos-por-accidentes-en-oaxaca"],"jetpack_featured_media_url":"https:\/\/zonaroja.com.mx\/wp-content\/uploads\/2019\/07\/10d583ab-de16-43d7-be1d-02bef1ffe812.jpg","jetpack_sharing_enabled":true,"_links":{"self":[{"href":"https:\/\/zonaroja.com.mx\/index.php?rest_route=\/wp\/v2\/posts\/2382","targetHints":{"allow":["GET"]}}],"collection":[{"href":"https:\/\/zonaroja.com.mx\/index.php?rest_route=\/wp\/v2\/posts"}],"about":[{"href":"https:\/\/zonaroja.com.mx\/index.php?rest_route=\/wp\/v2\/types\/post"}],"author":[{"embeddable":true,"href":"https:\/\/zonaroja.com.mx\/index.php?rest_route=\/wp\/v2\/users\/2"}],"replies":[{"embeddable":true,"href":"https:\/\/zonaroja.com.mx\/index.php?rest_route=%2Fwp%2Fv2%2Fcomments&post=2382"}],"version-history":[{"count":1,"href":"https:\/\/zonaroja.com.mx\/index.php?rest_route=\/wp\/v2\/posts\/2382\/revisions"}],"predecessor-version":[{"id":2384,"href":"https:\/\/zonaroja.com.mx\/index.php?rest_route=\/wp\/v2\/posts\/2382\/revisions\/2384"}],"wp:featuredmedia":[{"embeddable":true,"href":"https:\/\/zonaroja.com.mx\/index.php?rest_route=\/wp\/v2\/media\/2383"}],"wp:attachment":[{"href":"https:\/\/zonaroja.com.mx\/index.php?rest_route=%2Fwp%2Fv2%2Fmedia&parent=2382"}],"wp:term":[{"taxonomy":"category","embeddable":true,"href":"https:\/\/zonaroja.com.mx\/index.php?rest_route=%2Fwp%2Fv2%2Fcategories&post=2382"},{"taxonomy":"post_tag","embeddable":true,"href":"https:\/\/zonaroja.com.mx\/index.php?rest_route=%2Fwp%2Fv2%2Ftags&post=2382"}],"curies":[{"name":"wp","href":"https:\/\/api.w.org\/{rel}","templated":true}]}}