{"id":23828,"date":"2021-02-20T08:04:30","date_gmt":"2021-02-20T14:04:30","guid":{"rendered":"http:\/\/www.zonaroja.com.mx\/?p=23828"},"modified":"2021-02-20T08:04:33","modified_gmt":"2021-02-20T14:04:33","slug":"rechaza-seccion-22-del-snte-resolucion-de-la-scjn-en-calculo-de-pensiones","status":"publish","type":"post","link":"https:\/\/zonaroja.com.mx\/?p=23828","title":{"rendered":"Rechaza Secci\u00f3n 22 del SNTE resoluci\u00f3n de la SCJN en c\u00e1lculo de pensiones"},"content":{"rendered":"\n<p>Evlin Arag\u00f3n\/Zona Roja.<\/p>\n\n\n\n<p>Oaxaca de Ju\u00e1rez, Oax., 20 de febrero de 2021.- La Secci\u00f3n 22 del Sindicato Nacional de Trabajadores de la Educaci\u00f3n (SNTE), rechaz\u00f3 la resoluci\u00f3n de la Suprema Corte de Justicia de la Naci\u00f3n, que determin\u00f3 que el tope m\u00e1ximo de la pensi\u00f3n jubilatoria deber\u00e1 calcularse mediante la Unidad de Medida y Actualizaci\u00f3n (UMA).<\/p>\n\n\n\n<p>Lo anterior fue calificado por la gremial como un \u201cduro golpe\u201d a la seguridad social de trabajadoras y trabajadores jubilados y pensionados, quienes han aportado a los diferentes sectores de la poblaci\u00f3n la mayor parte de su vida, por lo que exigieron que las pensiones se paguen en salarios m\u00ednimos.<\/p>\n\n\n\n<p>\u201cExigimos al gobierno de M\u00e9xico, al ISSSTE y a la Suprema Corte de Justicia de la Naci\u00f3n el rev\u00e9s a este atropello a la seguridad social de los trabajadores. No a la UMA\u201d, expusieron ayer a trav\u00e9s de sus redes sociales.&nbsp;<\/p>\n\n\n\n<p>Y es que el pasado mi\u00e9rcoles, la Segunda Sala de la Suprema Corte de Justicia de la Naci\u00f3n determin\u00f3, en sesi\u00f3n remota, que el tope m\u00e1ximo de la pensi\u00f3n jubilatoria otorgada por el Instituto de Seguridad Social y Servicios Sociales de los Trabajadores del Estado (ISSSTE) debe cuantificarse con base en la UMA, derivada de la reforma constitucional en materia de desindexaci\u00f3n del salario.<\/p>\n\n\n\n<p>De acuerdo con la m\u00e1xima autoridad en materia de justicia, la reforma constitucional elimin\u00f3 el salario m\u00ednimo como par\u00e1metro para calcular el monto de pago de diversas obligaciones, multas, cr\u00e9dito, y aportaciones de seguridad social, con la intenci\u00f3n de que el salario m\u00ednimo pudiera se incrementando contantemente.&nbsp;&nbsp;&nbsp;&nbsp;<\/p>\n\n\n\n<p>\u201cLa decisi\u00f3n de la Segunda Sala permitir\u00e1 que contin\u00fae la recuperaci\u00f3n del salario, sin poner en riesgo los fondos de pensiones\u201d, citaron en comunicado.&nbsp;<\/p>\n\n\n\n<p>Por lo anterior, la Secci\u00f3n 22 alert\u00f3 al gremio y asegur\u00f3 que las pensiones deber ser calculadas en salarios m\u00ednimos y no en UMAS, lo contrario atentar\u00eda con los derechos de las y los trabajadores.<\/p>\n\n\n\n<p>A trav\u00e9s de las redes sociales, integrantes de la CNTE ya han rechazado la resoluci\u00f3n de la SCJN y realizan un llamado a la movilizaci\u00f3n para exigir el respeto de sus derechos laborales.&nbsp;<\/p>\n\n\n\n<p>\u201cSe les hace un llamado a todos los agremiados a la CNTE activo y no activo para que no unamos y exigir a la 4T act\u00fae a favor de los trabajadores\u201d.<\/p>\n\n\n\n<p>\u201cHay que exigir justicia laboral compa\u00f1eros activo y jubilados. Busquemos estrategias de movilizaci\u00f3n o encontremos una manera de c\u00f3mo echar abajo esta determinaci\u00f3n de la suprema corte\u201d.<\/p>\n\n\n\n<p>\u201cNo debemos de aceptar que una persona u once ministros impongan su voluntad sobre miles de jubilados. Porque ellos no se bajan su sueldo y que cobren en UMA\u201d.&nbsp;<\/p>\n\n\n\n<p>Son algunos de los comentarios, con relaci\u00f3n a la resoluci\u00f3n de la SCJN y la exigencia de echarla abajo.&nbsp;<\/p>\n","protected":false},"excerpt":{"rendered":"<p>Evlin Arag\u00f3n\/Zona Roja. Oaxaca de Ju\u00e1rez, Oax., 20 de febrero de 2021.- La Secci\u00f3n 22&hellip;<\/p>\n","protected":false},"author":2,"featured_media":23829,"comment_status":"closed","ping_status":"open","sticky":false,"template":"","format":"standard","meta":{"_lmt_disableupdate":"","_lmt_disable":"","_jetpack_memberships_contains_paid_content":false,"footnotes":""},"categories":[109,47],"tags":[312],"class_list":["post-23828","post","type-post","status-publish","format-standard","has-post-thumbnail","hentry","category-minuto-a-minuto","category-zona-gris","tag-seccion-22-del-snte"],"jetpack_featured_media_url":"https:\/\/zonaroja.com.mx\/wp-content\/uploads\/2021\/02\/Seccion-22-UMA.jpg","jetpack_sharing_enabled":true,"_links":{"self":[{"href":"https:\/\/zonaroja.com.mx\/index.php?rest_route=\/wp\/v2\/posts\/23828","targetHints":{"allow":["GET"]}}],"collection":[{"href":"https:\/\/zonaroja.com.mx\/index.php?rest_route=\/wp\/v2\/posts"}],"about":[{"href":"https:\/\/zonaroja.com.mx\/index.php?rest_route=\/wp\/v2\/types\/post"}],"author":[{"embeddable":true,"href":"https:\/\/zonaroja.com.mx\/index.php?rest_route=\/wp\/v2\/users\/2"}],"replies":[{"embeddable":true,"href":"https:\/\/zonaroja.com.mx\/index.php?rest_route=%2Fwp%2Fv2%2Fcomments&post=23828"}],"version-history":[{"count":1,"href":"https:\/\/zonaroja.com.mx\/index.php?rest_route=\/wp\/v2\/posts\/23828\/revisions"}],"predecessor-version":[{"id":23830,"href":"https:\/\/zonaroja.com.mx\/index.php?rest_route=\/wp\/v2\/posts\/23828\/revisions\/23830"}],"wp:featuredmedia":[{"embeddable":true,"href":"https:\/\/zonaroja.com.mx\/index.php?rest_route=\/wp\/v2\/media\/23829"}],"wp:attachment":[{"href":"https:\/\/zonaroja.com.mx\/index.php?rest_route=%2Fwp%2Fv2%2Fmedia&parent=23828"}],"wp:term":[{"taxonomy":"category","embeddable":true,"href":"https:\/\/zonaroja.com.mx\/index.php?rest_route=%2Fwp%2Fv2%2Fcategories&post=23828"},{"taxonomy":"post_tag","embeddable":true,"href":"https:\/\/zonaroja.com.mx\/index.php?rest_route=%2Fwp%2Fv2%2Ftags&post=23828"}],"curies":[{"name":"wp","href":"https:\/\/api.w.org\/{rel}","templated":true}]}}