{"id":23834,"date":"2021-02-20T08:35:55","date_gmt":"2021-02-20T14:35:55","guid":{"rendered":"http:\/\/www.zonaroja.com.mx\/?p=23834"},"modified":"2021-02-20T08:36:00","modified_gmt":"2021-02-20T14:36:00","slug":"dos-integrantes-del-sistema-anticorrupcion-son-acusados-de-violencia-de-genero","status":"publish","type":"post","link":"https:\/\/zonaroja.com.mx\/?p=23834","title":{"rendered":"Dos integrantes del Sistema Anticorrupci\u00f3n son acusados de violencia de g\u00e9nero&nbsp;"},"content":{"rendered":"\n<p>Evlin Arag\u00f3n\/Zona Roja.<\/p>\n\n\n\n<p>Oaxaca de Ju\u00e1rez, Oax., 20 de febrero de 2021.- Dos denuncias han sido interpuestas en contra de integrantes del Comit\u00e9 de Participaci\u00f3n Ciudadana del Sistema Estatal Anticorrupci\u00f3n por actos que podr\u00edan configurarse como violencia pol\u00edtica en contra de Reyna Miguel Santill\u00e1n, quien fuera presidenta interina del organismo.<\/p>\n\n\n\n<p>As\u00ed lo advirti\u00f3 \u201cOaxaque\u00f1os contra la Corrupci\u00f3n\u201d que, asegur\u00f3, los actos cometidos en perjuicio de Reyna Miguel tienen que ver la obstaculizaci\u00f3n en el desempe\u00f1o de sus funciones, manifestaciones que va en contra de su dignidad, a trav\u00e9s de discriminaci\u00f3n, marginaci\u00f3n e invisibilizaci\u00f3n de sus actividades.&nbsp;<\/p>\n\n\n\n<p>De ah\u00ed que, en conjunto con la organizaci\u00f3n \u201cOaxaque\u00f1as contra la Violencia\u201d, interpusieron las denuncias en contra del presidente del Comit\u00e9 de Participaci\u00f3n Ciudadana Francisco Pablo Mungu\u00eda Gayt\u00e1n y el secretario t\u00e9cnico Eugenio Alberto Garc\u00eda Hern\u00e1ndez. &nbsp;<\/p>\n\n\n\n<p>Los procedimientos, con n\u00famero D\/000242 y D\/000243, fueron interpuestos ante la Secretar\u00eda de la Contralor\u00eda y Transparencia Gubernamental del Estado de Oaxaca, a cuyo titular Jos\u00e9 \u00c1ngel D\u00edaz Navarro, piden actuar conforme a las leyes vigentes.&nbsp;<\/p>\n\n\n\n<p>Al respecto, explicaron que la Ley General de Responsabilidades Administrativas, junto a la Ley General de Acceso de las Mujeres a una Vida Libre de Violencia, protegen a Reyna Miguel Santill\u00e1n y. todas las mujeres de recibir un trato discriminatorio y violento.<\/p>\n\n\n\n<p>Por lo que pidieron al Sistema Estatal de Combate a la Corrupci\u00f3n dejar de ser cobijo de mis\u00f3ginos que violentan los derechos de una mujer, que adem\u00e1s resulta ser doblemente discriminada por ser originaria de una comunidad ind\u00edgena.&nbsp;<\/p>\n\n\n\n<p>\u201cSolicitamos al Comit\u00e9 Coordinador del Sistema Estatal de Combate a la Corrupci\u00f3n del Estado de Oaxaca ROMPA EL PACTO PATRIARCAL, con Pablo Mungu\u00eda Gayt\u00e1n y Eugenio Alberto Garc\u00eda Hern\u00e1ndez por violentar los derechos pol\u00edticos de una profesionista, mujer e ind\u00edgena\u201d, refieren en un comunicado.&nbsp;<\/p>\n\n\n\n<p>Finalmente, recordaron que Reyna Santill\u00e1n ha pedido medidas de seguridad para garantizar el libre ejercicio de su cargo, as\u00ed como su integridad f\u00edsica, de su familia y colaboradores, adem\u00e1s de asistencia psicol\u00f3gica, al encontrarse afectada por el mal actuar de sus compa\u00f1eros.&nbsp;<\/p>\n\n\n\n<p>\u201c\u2026ejercieron actos de omisi\u00f3n y obstaculizaci\u00f3n en el desempe\u00f1o de mis funciones en el interior del Comit\u00e9\u2026 llegaron al grado de no permitirme transmitir el programa semanal que coordino: \u201cTejiendo Redes Anticorrupci\u00f3n\u201d, eliminando mi rol como administradora de la cuenta oficial de Facebook del CPC-Oaxaca sin previo aviso\u00bb, refiere la afectada en su denuncia.&nbsp;<\/p>\n","protected":false},"excerpt":{"rendered":"<p>Evlin Arag\u00f3n\/Zona Roja. Oaxaca de Ju\u00e1rez, Oax., 20 de febrero de 2021.- Dos denuncias han&hellip;<\/p>\n","protected":false},"author":2,"featured_media":23835,"comment_status":"closed","ping_status":"open","sticky":false,"template":"","format":"standard","meta":{"_lmt_disableupdate":"","_lmt_disable":"","_jetpack_memberships_contains_paid_content":false,"footnotes":""},"categories":[109,47],"tags":[2003,2473],"class_list":["post-23834","post","type-post","status-publish","format-standard","has-post-thumbnail","hentry","category-minuto-a-minuto","category-zona-gris","tag-oaxaquenos-contra-la-corrupcion","tag-reyna-miguel-santillan"],"jetpack_featured_media_url":"https:\/\/zonaroja.com.mx\/wp-content\/uploads\/2021\/02\/Reyna-Miguel-Santillan.jpg","jetpack_sharing_enabled":true,"_links":{"self":[{"href":"https:\/\/zonaroja.com.mx\/index.php?rest_route=\/wp\/v2\/posts\/23834","targetHints":{"allow":["GET"]}}],"collection":[{"href":"https:\/\/zonaroja.com.mx\/index.php?rest_route=\/wp\/v2\/posts"}],"about":[{"href":"https:\/\/zonaroja.com.mx\/index.php?rest_route=\/wp\/v2\/types\/post"}],"author":[{"embeddable":true,"href":"https:\/\/zonaroja.com.mx\/index.php?rest_route=\/wp\/v2\/users\/2"}],"replies":[{"embeddable":true,"href":"https:\/\/zonaroja.com.mx\/index.php?rest_route=%2Fwp%2Fv2%2Fcomments&post=23834"}],"version-history":[{"count":1,"href":"https:\/\/zonaroja.com.mx\/index.php?rest_route=\/wp\/v2\/posts\/23834\/revisions"}],"predecessor-version":[{"id":23836,"href":"https:\/\/zonaroja.com.mx\/index.php?rest_route=\/wp\/v2\/posts\/23834\/revisions\/23836"}],"wp:featuredmedia":[{"embeddable":true,"href":"https:\/\/zonaroja.com.mx\/index.php?rest_route=\/wp\/v2\/media\/23835"}],"wp:attachment":[{"href":"https:\/\/zonaroja.com.mx\/index.php?rest_route=%2Fwp%2Fv2%2Fmedia&parent=23834"}],"wp:term":[{"taxonomy":"category","embeddable":true,"href":"https:\/\/zonaroja.com.mx\/index.php?rest_route=%2Fwp%2Fv2%2Fcategories&post=23834"},{"taxonomy":"post_tag","embeddable":true,"href":"https:\/\/zonaroja.com.mx\/index.php?rest_route=%2Fwp%2Fv2%2Ftags&post=23834"}],"curies":[{"name":"wp","href":"https:\/\/api.w.org\/{rel}","templated":true}]}}