{"id":23838,"date":"2021-02-20T14:38:45","date_gmt":"2021-02-20T20:38:45","guid":{"rendered":"http:\/\/www.zonaroja.com.mx\/?p=23838"},"modified":"2021-02-20T15:30:28","modified_gmt":"2021-02-20T21:30:28","slug":"yutatio","status":"publish","type":"post","link":"https:\/\/zonaroja.com.mx\/?p=23838","title":{"rendered":"Desplazadas de Yutat\u00edo, en el desamparo; la familia es acosada por la autoridad"},"content":{"rendered":"\n<p>Yuridiana Sosa\/Zona Roja.<\/p>\n\n\n\n<p>Oaxaca de Ju\u00e1rez, Oax., 20 de febrero de 2021.- \u201c\u00a1Ya se les lleg\u00f3 la hora!\u201d, fue la amenaza lanzada por la autoridad local y comunal frente a un centenar de habitantes, cuando Silvia fue retenida junto a sus tres hermanas y una sobrina, por un l\u00edo de terrenos.<\/p>\n\n\n\n<p>Por salvar sus vidas, Silvia, Guadalupe, Adelaida V\u00e1squez, Juana y Marlen &#8211;menor de edad&#8211;, fueron obligadas a abandonar su comunidad luego de ser encarceladas y agredidas f\u00edsica y sexualmente por la autoridad de San Andr\u00e9s Yutat\u00edo, del municipio de Tezoatl\u00e1n de Segura y Luna, en la regi\u00f3n Mixteca de Oaxaca.<\/p>\n\n\n\n<p>El exilio forzado las dej\u00f3 indefensas, pero, adem\u00e1s, con el miedo a que su familia tambi\u00e9n sea violentada y que su padre muera en un linchamiento advertido por la comunidad.<\/p>\n\n\n\n<p>Con la Secretar\u00eda General de Gobierno (Segego) como negociador, las mujeres fueron forzadas a firmar el acta minuta que establece que ellas son responsables de la quema de la camioneta en la que viajaban, as\u00ed como aceptar su salida de la comunidad ind\u00edgena a partir del 19 de febrero, o ser\u00edan quemadas.<\/p>\n\n\n\n<p>LOS HECHOS<\/p>\n\n\n\n<p>Silvia narra v\u00eda telef\u00f3nica a ZONA ROJA lo ocurrido el pasado 18 de febrero, mientras se encuentra en la plaza central de Huajuapan de Le\u00f3n, hasta donde llegaron por medio de la Fiscal\u00eda General del Estado, tras su liberaci\u00f3n y destierro.<\/p>\n\n\n\n<p>Pero en donde no conocen a nadie y sin dinero, no tienen a donde ir para pasar el d\u00eda, ni para atenci\u00f3n m\u00e9dica de la menor, que sigue sangrando por los golpes que recibi\u00f3.<\/p>\n\n\n\n<p>Cerca de las 11:00 horas o quiz\u00e1 las 13:00 horas, no recuerda con exactitud, regresaban del monte a bordo de su camioneta, cuando el camino les fue bloqueado por parte del agente municipal, Rufino Benavides D\u00edaz, y el comisariado Gerardo Bola\u00f1os V\u00e1zquez.<\/p>\n\n\n\n<p>Una camioneta negra, troncos y piedras imped\u00edan el paso, mientras cerca de 100 personas que respaldaban las intenciones de las autoridades.<\/p>\n\n\n\n<p>\u201cNos dijeron que ya se nos hab\u00eda llegado la hora y nos iban a incendiar con todo y carro\u201d, recuerda Silvia, que para ese entonces desconoc\u00eda el enojo de la gente contra ellas.<\/p>\n\n\n\n<p>Las llantas fueron ponchadas; los agresores quebraron los vidrios a pedradas y con palos y ellas resultaron lesionadas, despu\u00e9s, las bajaron por la fuerza de la camioneta y subidas a la patrulla de la comunidad para ser trasladas a la c\u00e1rcel.<\/p>\n\n\n\n<p>Antes de retirarse, las mujeres fueron testigo de que la poblaci\u00f3n lanz\u00f3 su camioneta al barranco y despu\u00e9s quemada.<\/p>\n\n\n\n<figure class=\"wp-block-embed-twitter wp-block-embed is-type-rich is-provider-twitter\"><div class=\"wp-block-embed__wrapper\">\n<div class=\"twitter-tweet\"><blockquote class=\"twitter-tweet\" data-lang=\"es\"><p lang=\"es\" dir=\"ltr\"><a href=\"https:\/\/twitter.com\/hashtag\/%C3%9AltimoMinuto?src=hash&amp;ref_src=twsrc%5Etfw\">#\u00daltimoMinuto<\/a> <br>Sigue la tensi\u00f3n en San Andr\u00e9s <a href=\"https:\/\/twitter.com\/hashtag\/Yutat%C3%ADo?src=hash&amp;ref_src=twsrc%5Etfw\">#Yutat\u00edo<\/a>, Tezoatl\u00e1n, <a href=\"https:\/\/twitter.com\/hashtag\/Oaxaca?src=hash&amp;ref_src=twsrc%5Etfw\">#Oaxaca<\/a>. Los accesos a la comunidad Mixteca permanecen cerrados y una familia se encuentra desplazada, sin techo ni alimentos; pide atenci\u00f3n de las autoridades. <br>Video: <a href=\"https:\/\/twitter.com\/Igavec_Noticias?ref_src=twsrc%5Etfw\">@Igavec_Noticias<\/a>.<a href=\"https:\/\/twitter.com\/CNDH?ref_src=twsrc%5Etfw\">@CNDH<\/a> <a href=\"https:\/\/twitter.com\/DDHPO?ref_src=twsrc%5Etfw\">@DDHPO<\/a> <a href=\"https:\/\/t.co\/MY2sRq5ioT\">pic.twitter.com\/MY2sRq5ioT<\/a><\/p>&mdash; Zona Roja Oaxaca (@Zona_Roja_Oax) <a href=\"https:\/\/twitter.com\/Zona_Roja_Oax\/status\/1362986385884520449?ref_src=twsrc%5Etfw\">20 de febrero de 2021<\/a><\/blockquote><\/div>\n<\/div><\/figure>\n\n\n\n<p>LAS CULPAN<\/p>\n\n\n\n<p>Una vez en los separos, fueron agredidas con tocamientos; la menor de 16 a\u00f1os golpeada por grabar los hechos y a Silvia la obligaron a quitarse la blusa, y se resisti\u00f3 a bajarse el pantal\u00f3n, para asegurarse que no tuviera un tel\u00e9fono.<\/p>\n\n\n\n<p>Por la noche arrib\u00f3 personal de la Segego y al siguiente d\u00eda, quedaron en libertad con la intervenci\u00f3n de la Vicefiscal\u00eda de la Mixteca, de la Fiscal\u00eda General de Oaxaca.<\/p>\n\n\n\n<p>Desde ese entonces, los accesos de la comunidad son vigilados para que las mujeres no vuelvan, pero tambi\u00e9n por si aparece el padre de ellas, que logr\u00f3 huir del lugar.<\/p>\n\n\n\n<p>Pero ahora el peligro lo corren cerca de 30 integrantes de su familia que a\u00fan siguen en el pueblo. Las mujeres lograron comunicarse con ellos, quienes dan a conocer que las autoridades los acosan con rondines en su vivienda, la cual tienen la intenci\u00f3n de derribar con maquinaria.<\/p>\n\n\n\n<p>\u201cEs imposible que, como seres humanos, estemos pasando por este tipo de situaciones\u201d, expresa con desconsuelo la mujer.<\/p>\n\n\n\n<p>ANTECEDENTES<\/p>\n\n\n\n<p>Esta no es la primera vez que integrantes de la familia V\u00e1squez Bautista son encarcelados. Silvia detalla que el 3 de septiembre de 2020 su padre, una hermana y dos hermanos fueron retenidos por la autoridad local.<\/p>\n\n\n\n<p>\u201cTanta injusticia y humillaciones que nos ha hecho la autoridad de mi pueblo\u201d, dice desconcertada Silvia, al no encontrar explicaci\u00f3n sobre la apat\u00eda de las autoridades por aplicar justicia.<\/p>\n\n\n\n<p>El problema surgi\u00f3 de la inconformidad de la autoridad comunal sobre un pedazo de tierra donde el jefe de familia sembraba, situaci\u00f3n que para los V\u00e1squez Bautista a\u00fan es inexplicable al no existir irregularidades para ocuparlo.<\/p>\n\n\n\n<p>Para su liberaci\u00f3n ped\u00edan 120 mil pesos, pero a cambio del monto al no contar con ese pago, la autoridad acord\u00f3 el retiro de los derechos como ciudadano. El se\u00f1or ya no podr\u00eda pastorear sus chivos en terreno comunal.<\/p>\n\n\n\n<p>As\u00ed tambi\u00e9n le fue retirado el derecho a la salud para toda la familia, por lo que se le entreg\u00f3 a la Jurisdicci\u00f3n Sanitaria un oficio con el acuerdo, dice Silvia.<\/p>\n\n\n\n<p>Por aquellos actos la familia denunci\u00f3 formalmente, as\u00ed como logr\u00f3 un juicio de amparo, pero nada de eso ha sido suficiente para que la familia viva en paz.<\/p>\n\n\n\n<p>Las desplazadas exigen la intervenci\u00f3n del gobernador Alejandro Murat, del fiscal Rub\u00e9n Vasconcelos y el apoyo total de la Defensor\u00eda de los Derechos Humanos del Pueblo de Oaxaca.<\/p>\n","protected":false},"excerpt":{"rendered":"<p>Yuridiana Sosa\/Zona Roja. Oaxaca de Ju\u00e1rez, Oax., 20 de febrero de 2021.- \u201c\u00a1Ya se les&hellip;<\/p>\n","protected":false},"author":2,"featured_media":23839,"comment_status":"closed","ping_status":"open","sticky":false,"template":"","format":"standard","meta":{"_lmt_disableupdate":"","_lmt_disable":"","_jetpack_memberships_contains_paid_content":false,"footnotes":""},"categories":[109,47],"tags":[1622],"class_list":["post-23838","post","type-post","status-publish","format-standard","has-post-thumbnail","hentry","category-minuto-a-minuto","category-zona-gris","tag-san-andres-yutatio"],"jetpack_featured_media_url":"https:\/\/zonaroja.com.mx\/wp-content\/uploads\/2021\/02\/Mujeres-victimas-Yutatio.jpg","jetpack_sharing_enabled":true,"_links":{"self":[{"href":"https:\/\/zonaroja.com.mx\/index.php?rest_route=\/wp\/v2\/posts\/23838","targetHints":{"allow":["GET"]}}],"collection":[{"href":"https:\/\/zonaroja.com.mx\/index.php?rest_route=\/wp\/v2\/posts"}],"about":[{"href":"https:\/\/zonaroja.com.mx\/index.php?rest_route=\/wp\/v2\/types\/post"}],"author":[{"embeddable":true,"href":"https:\/\/zonaroja.com.mx\/index.php?rest_route=\/wp\/v2\/users\/2"}],"replies":[{"embeddable":true,"href":"https:\/\/zonaroja.com.mx\/index.php?rest_route=%2Fwp%2Fv2%2Fcomments&post=23838"}],"version-history":[{"count":2,"href":"https:\/\/zonaroja.com.mx\/index.php?rest_route=\/wp\/v2\/posts\/23838\/revisions"}],"predecessor-version":[{"id":23842,"href":"https:\/\/zonaroja.com.mx\/index.php?rest_route=\/wp\/v2\/posts\/23838\/revisions\/23842"}],"wp:featuredmedia":[{"embeddable":true,"href":"https:\/\/zonaroja.com.mx\/index.php?rest_route=\/wp\/v2\/media\/23839"}],"wp:attachment":[{"href":"https:\/\/zonaroja.com.mx\/index.php?rest_route=%2Fwp%2Fv2%2Fmedia&parent=23838"}],"wp:term":[{"taxonomy":"category","embeddable":true,"href":"https:\/\/zonaroja.com.mx\/index.php?rest_route=%2Fwp%2Fv2%2Fcategories&post=23838"},{"taxonomy":"post_tag","embeddable":true,"href":"https:\/\/zonaroja.com.mx\/index.php?rest_route=%2Fwp%2Fv2%2Ftags&post=23838"}],"curies":[{"name":"wp","href":"https:\/\/api.w.org\/{rel}","templated":true}]}}