{"id":23852,"date":"2021-02-20T20:39:35","date_gmt":"2021-02-21T02:39:35","guid":{"rendered":"http:\/\/www.zonaroja.com.mx\/?p=23852"},"modified":"2021-02-20T20:39:38","modified_gmt":"2021-02-21T02:39:38","slug":"con-protestas-reciben-al-gobernador-en-tuxtepec-dependencias-no-funcionan-reclaman","status":"publish","type":"post","link":"https:\/\/zonaroja.com.mx\/?p=23852","title":{"rendered":"Con protestas reciben al gobernador en Tuxtepec; dependencias no funcionan, reclaman."},"content":{"rendered":"\n<p>Yuridiana Sosa\/Zona Roja.<\/p>\n\n\n\n<p>San Juan Bautista Tuxtepec, Oax., 20 de febrero de 2021.- Luego de varios meses de no visitar Tuxtepec, el gobernador Alejandro Murat fue recibido con manifestaciones, en las que se reclamaban la ineficiencia en distintas dependencias, entre \u00e9stas, la Fiscal\u00eda General del Estado, Secretar\u00eda General de Gobierno, Coplade, Semovi, Sinfra, Sefin y los Servicios de Salud de Oaxaca.<\/p>\n\n\n\n<p>Afuera del recinto ferial, dos grupos de manifestantes esperaron al mandatario estatal, quien acudi\u00f3 por primera vez desde que No\u00e9 Ram\u00edrez Ch\u00e1vez tom\u00f3 el cargo de presidente municipal de Tuxtepec, tras la muerte de Fernando Bautista D\u00e1vila, en julio pasado.<\/p>\n\n\n\n<p>El Comit\u00e9 de Defensa Ciudadana (Codeci) se\u00f1al\u00f3 que por m\u00e1s de 20 a\u00f1os no han recibido atenci\u00f3n a diversas demandas, pero exist\u00eda un acuerdo con el gobernador de no m\u00e1s movilizaciones porque supuestamente recibir\u00edan cumplimiento a sus peticiones, pero las dependencias no los atienden.<\/p>\n\n\n\n<p>\u201cHicimos tratos de caballero con el gobernador, pero son las dependencias las que no est\u00e1n cumpliendo\u201d dijo el dirigente Gaudencio Torres Pereda.<\/p>\n\n\n\n<p>A fin de evitar la protesta, apunt\u00f3, le llamaron funcionarios de la Secretar\u00eda General de Gobierno; igualmente por parte de Gabriel Cu\u00e9 Navarro, titular de la Sedapa y originario de Tuxtepec, quien adem\u00e1s estar\u00eda presente en el evento.<\/p>\n\n\n\n<p>Tambi\u00e9n le llam\u00f3 el Coordinador de Giras, Jorge Illescas Delgado, quien tambi\u00e9n es aspirante a la presidencia de Tuxtepec por el PRI pero sigue en funciones en el Gobierno del Estado.<\/p>\n\n\n\n<p>\u201cYa los mand\u00e9 a la chingada a todos, porque no se vale, no hay de otra, nuestra \u00fanica arma es la manifestaci\u00f3n, y por eso lo estamos haciendo, porque ya nos cansamos de esperar y de esperar y no hay soluci\u00f3n\u201d, se\u00f1al\u00f3 el inconforme.<\/p>\n\n\n\n<p>Mientras que habitantes de la agencia de San Bartolo exigieron al gobernador la construcci\u00f3n del Centro de Salud que fue demolido en 2018 por los Servicios de Salud de Oaxaca y en el cual se invertir\u00edan 18.5 millones de pesos, pero tambi\u00e9n se desconoce el destino de ese presupuesto.<\/p>\n\n\n\n<p>El gobernador arrib\u00f3 a Tuxtepec para una gira de trabajo que contempl\u00f3 entrega de apoyos de Sedapa, recorrido Mercado Central, supervisi\u00f3n de ejecuci\u00f3n de obra \u201cRehabilitaci\u00f3n del Sistema de agua potable sector 1, as\u00ed como entregar reconocimientos de aprobaci\u00f3n de ex\u00e1menes de control y confianza de Polic\u00edas Municipales.<\/p>\n","protected":false},"excerpt":{"rendered":"<p>Yuridiana Sosa\/Zona Roja. San Juan Bautista Tuxtepec, Oax., 20 de febrero de 2021.- Luego de&hellip;<\/p>\n","protected":false},"author":2,"featured_media":23853,"comment_status":"closed","ping_status":"open","sticky":false,"template":"","format":"standard","meta":{"_lmt_disableupdate":"","_lmt_disable":"","_jetpack_memberships_contains_paid_content":false,"footnotes":""},"categories":[109,47],"tags":[173,118],"class_list":["post-23852","post","type-post","status-publish","format-standard","has-post-thumbnail","hentry","category-minuto-a-minuto","category-zona-gris","tag-alejandro-murat-hinojosa","tag-san-juan-bautista-tuxtepec"],"jetpack_featured_media_url":"https:\/\/zonaroja.com.mx\/wp-content\/uploads\/2021\/02\/Protesta-Tuxtepec-gobernador.jpg","jetpack_sharing_enabled":true,"_links":{"self":[{"href":"https:\/\/zonaroja.com.mx\/index.php?rest_route=\/wp\/v2\/posts\/23852","targetHints":{"allow":["GET"]}}],"collection":[{"href":"https:\/\/zonaroja.com.mx\/index.php?rest_route=\/wp\/v2\/posts"}],"about":[{"href":"https:\/\/zonaroja.com.mx\/index.php?rest_route=\/wp\/v2\/types\/post"}],"author":[{"embeddable":true,"href":"https:\/\/zonaroja.com.mx\/index.php?rest_route=\/wp\/v2\/users\/2"}],"replies":[{"embeddable":true,"href":"https:\/\/zonaroja.com.mx\/index.php?rest_route=%2Fwp%2Fv2%2Fcomments&post=23852"}],"version-history":[{"count":1,"href":"https:\/\/zonaroja.com.mx\/index.php?rest_route=\/wp\/v2\/posts\/23852\/revisions"}],"predecessor-version":[{"id":23854,"href":"https:\/\/zonaroja.com.mx\/index.php?rest_route=\/wp\/v2\/posts\/23852\/revisions\/23854"}],"wp:featuredmedia":[{"embeddable":true,"href":"https:\/\/zonaroja.com.mx\/index.php?rest_route=\/wp\/v2\/media\/23853"}],"wp:attachment":[{"href":"https:\/\/zonaroja.com.mx\/index.php?rest_route=%2Fwp%2Fv2%2Fmedia&parent=23852"}],"wp:term":[{"taxonomy":"category","embeddable":true,"href":"https:\/\/zonaroja.com.mx\/index.php?rest_route=%2Fwp%2Fv2%2Fcategories&post=23852"},{"taxonomy":"post_tag","embeddable":true,"href":"https:\/\/zonaroja.com.mx\/index.php?rest_route=%2Fwp%2Fv2%2Ftags&post=23852"}],"curies":[{"name":"wp","href":"https:\/\/api.w.org\/{rel}","templated":true}]}}