{"id":23855,"date":"2021-02-20T21:03:42","date_gmt":"2021-02-21T03:03:42","guid":{"rendered":"http:\/\/www.zonaroja.com.mx\/?p=23855"},"modified":"2021-02-20T21:03:45","modified_gmt":"2021-02-21T03:03:45","slug":"denuncian-organizaciones-a-la-ctm-por-querer-paralizar-universidad-en-nochixtlan","status":"publish","type":"post","link":"https:\/\/zonaroja.com.mx\/?p=23855","title":{"rendered":"Denuncian organizaciones a la CTM por querer paralizar universidad en Nochixtl\u00e1n"},"content":{"rendered":"\n<p>Redacci\u00f3n\/Zona Roja.<\/p>\n\n\n\n<p>Oaxaca de Ju\u00e1rez, Oax., 20 de febrero de 2021.- Diversas organizaciones sociales de Oaxaca denunciaron que integrantes de la Confederaci\u00f3n de Trabajadores de M\u00e9xico (CTM) buscan frenar con violencia la construcci\u00f3n de una universidad en Asunci\u00f3n Nochixtl\u00e1n.<\/p>\n\n\n\n<p>Lo anterior, con la finalidad de exigir recursos econ\u00f3micos para, supuestamente, dar el aval a que los trabajos contin\u00faen.<\/p>\n\n\n\n<p>En un comunicado, las agrupaciones, entre ellas el Frente Popular Revolucionario (FPR), informaron que semanas atr\u00e1s se dio banderazo de inicio a la construcci\u00f3n de la Universidad Polit\u00e9cnica de Nochixtl\u00e1n \u00abAbraham Castellanos\u00bb para combatir el rezago social de esta zona de la Mixteca oaxaque\u00f1a.<\/p>\n\n\n\n<p>\u201cLo anterior forma parte de un plan para resarcir los da\u00f1os al tejido social causado por la sangrienta represi\u00f3n del 19 de junio de 2016\u201d.<\/p>\n\n\n\n<p>Sin embargo, \u201cel d\u00eda de hoy los esbirros pri\u00edstas de la CTM intentan hacer nuevamente de las suyas. Con una actitud confrontativa y de abierta provocaci\u00f3n intentaron detener la obra social en beneficio de los miles de habitantes de Nochixtl\u00e1n por intereses mezquinos de car\u00e1cter econ\u00f3mico\u201d.<\/p>\n\n\n\n<p>Por ello, las organizaciones reiteraron su apoyo al Comit\u00e9 de V\u00edctimas \u201c19 de Junio\u201d y remarcaron que, ante cualquier escenario de violencia, \u201cestamos alerta para movilizarnos en las diferentes partes de Oaxaca y el pa\u00eds donde nos encontramos en respaldo total hacia los compa\u00f1eros\u201d.<\/p>\n\n\n\n<p>El comunicado lo firman la Uni\u00f3n de Artesanos y Comerciantes Oaxaque\u00f1os en Lucha; el Frente Popular Revolucionario; el Comit\u00e9 de V\u00edctimas y Familiares Ikoots de la masacre de San Mateo del Mar; Bloque Comunitario del Sur.<\/p>\n\n\n\n<p>Tambi\u00e9n, familiares del joven Ren\u00e9 Alejandro Cruz Esteban, desaparecido; Consejo Nacional de Pueblos en Lucha; Uni\u00f3n C\u00edvica Democr\u00e1tica de Barrios, Colonias y Comunidades.<\/p>\n\n\n\n<p>Comisi\u00f3n Magisterial de Derechos Humanos de la Secci\u00f3n 22; Defensor\u00eda de los Derechos Humanos por la Justicia A.C. y el Movimiento de Unificaci\u00f3n y Lucha Triqui.<\/p>\n","protected":false},"excerpt":{"rendered":"<p>Redacci\u00f3n\/Zona Roja. Oaxaca de Ju\u00e1rez, Oax., 20 de febrero de 2021.- Diversas organizaciones sociales de&hellip;<\/p>\n","protected":false},"author":2,"featured_media":23856,"comment_status":"closed","ping_status":"open","sticky":false,"template":"","format":"standard","meta":{"_lmt_disableupdate":"","_lmt_disable":"","_jetpack_memberships_contains_paid_content":false,"footnotes":""},"categories":[109,47],"tags":[128,1687],"class_list":["post-23855","post","type-post","status-publish","format-standard","has-post-thumbnail","hentry","category-minuto-a-minuto","category-zona-gris","tag-asuncion-nochixtlan","tag-frente-popular-revolucionario-fpr"],"jetpack_featured_media_url":"https:\/\/zonaroja.com.mx\/wp-content\/uploads\/2021\/02\/Protesta-FPR-Nochixtlan.jpg","jetpack_sharing_enabled":true,"_links":{"self":[{"href":"https:\/\/zonaroja.com.mx\/index.php?rest_route=\/wp\/v2\/posts\/23855","targetHints":{"allow":["GET"]}}],"collection":[{"href":"https:\/\/zonaroja.com.mx\/index.php?rest_route=\/wp\/v2\/posts"}],"about":[{"href":"https:\/\/zonaroja.com.mx\/index.php?rest_route=\/wp\/v2\/types\/post"}],"author":[{"embeddable":true,"href":"https:\/\/zonaroja.com.mx\/index.php?rest_route=\/wp\/v2\/users\/2"}],"replies":[{"embeddable":true,"href":"https:\/\/zonaroja.com.mx\/index.php?rest_route=%2Fwp%2Fv2%2Fcomments&post=23855"}],"version-history":[{"count":1,"href":"https:\/\/zonaroja.com.mx\/index.php?rest_route=\/wp\/v2\/posts\/23855\/revisions"}],"predecessor-version":[{"id":23857,"href":"https:\/\/zonaroja.com.mx\/index.php?rest_route=\/wp\/v2\/posts\/23855\/revisions\/23857"}],"wp:featuredmedia":[{"embeddable":true,"href":"https:\/\/zonaroja.com.mx\/index.php?rest_route=\/wp\/v2\/media\/23856"}],"wp:attachment":[{"href":"https:\/\/zonaroja.com.mx\/index.php?rest_route=%2Fwp%2Fv2%2Fmedia&parent=23855"}],"wp:term":[{"taxonomy":"category","embeddable":true,"href":"https:\/\/zonaroja.com.mx\/index.php?rest_route=%2Fwp%2Fv2%2Fcategories&post=23855"},{"taxonomy":"post_tag","embeddable":true,"href":"https:\/\/zonaroja.com.mx\/index.php?rest_route=%2Fwp%2Fv2%2Ftags&post=23855"}],"curies":[{"name":"wp","href":"https:\/\/api.w.org\/{rel}","templated":true}]}}