{"id":23861,"date":"2021-02-21T07:28:29","date_gmt":"2021-02-21T13:28:29","guid":{"rendered":"http:\/\/www.zonaroja.com.mx\/?p=23861"},"modified":"2021-02-21T07:28:54","modified_gmt":"2021-02-21T13:28:54","slug":"catorce-anos-despues-la-ley-le-llego-a-jazibe-belem","status":"publish","type":"post","link":"https:\/\/zonaroja.com.mx\/?p=23861","title":{"rendered":"Catorce a\u00f1os despu\u00e9s, la ley le lleg\u00f3 a Jazibe Belem, por corrupci\u00f3n de menores"},"content":{"rendered":"\n<p>Redacci\u00f3n\/Zona Roja.<\/p>\n\n\n\n<p>Oaxaca de Ju\u00e1rez, Oax., 21 de febrero de 2021.- Catorce a\u00f1os anduvo escondida en varios estados del pa\u00eds y finalmente fue hallada en Veracruz.<\/p>\n\n\n\n<p>La mujer evadi\u00f3 la justicia durante casi tres lustros, acusada del delito de corrupci\u00f3n de menores.<\/p>\n\n\n\n<p>Finalmente, el pasado viernes, personal de la Agencia Estatal de Investigaciones (AEI), dependiente de la Fiscal\u00eda General del Estado, lograron la detenci\u00f3n de Jazibe Belem L.A. y la trasladaron a Oaxaca, para poner la a disposici\u00f3n de un juez.<\/p>\n\n\n\n<p>Ten\u00eda una orden de aprehensi\u00f3n en su contra desde el a\u00f1o 2007, cuando laboraba en el Instituto \u201cMiguel de Cervantes\u201d ubicado en la calle de Morelos de la Villa de Etla.<\/p>\n\n\n\n<p>En la audiencia celebrada ayer, Jazibe rindi\u00f3 su declaraci\u00f3n preparatoria y neg\u00f3 los cargos, mencionando que cuando ocurrieron los hechos laboraba en la escuela, pero su funci\u00f3n era la de auxiliar para que los ni\u00f1os acudieran a los sanitaros y cuidarlos cuando estaban jugando y evitar que sufrieran un accidente.<\/p>\n\n\n\n<p>La profesora solicit\u00f3 \u2013a trav\u00e9s de su abogado- la ampliaci\u00f3n del t\u00e9rmino constitucional, donde el juez valorar\u00e1 si le dicta auto de formal prisi\u00f3n o libertad.<\/p>\n\n\n\n<p>Los primeros casos fueron denunciados en el mes de abril del a\u00f1o 2007 por una madre de familia que mencion\u00f3 que su hijo v\u00edctima de abuso sexual en la instituci\u00f3n educativa de nivel preescolar ubicado en la Villa de Etla.<\/p>\n\n\n\n<p>El 16 de mayo del 2007 fue detenido Domingo R. R., director del plantel educativo y quien sali\u00f3 libre tras pagar una fianza de unos diez mil pesos.<\/p>\n\n\n\n<p>Dos meses despu\u00e9s se integraron dos nuevas denuncias y Domingo ingres\u00f3 al penal regional de la Villa de Etla por pederastia en perjuicio de otros dos ni\u00f1os, que adem\u00e1s fueron contagiados de herpes tipo dos, una enfermedad de transmisi\u00f3n sexual.<\/p>\n\n\n\n<p>A trav\u00e9s de recursos legales, el presunto pederasta logr\u00f3 que su delito se redujera de violaci\u00f3n a abuso sexual, lo que llev\u00f3 a las tres madres de los menores a unirse y decidieron acudir a la entonces Procuradur\u00eda General de la Rep\u00fablica por la apat\u00eda de las autoridades oaxaque\u00f1as.<\/p>\n\n\n\n<p>Con ayuda psicol\u00f3gica, los ni\u00f1os pudieron expresar que el profesor Erick R. era el encargado de someter a los peque\u00f1os \u201cinyect\u00e1ndoles posiblemente droga\u201d, mientras que el profesor Alejando les tomaba fotos en presencia del padre de ambos, Domingo R.<\/p>\n\n\n\n<p>Se presume que los abusos ocurr\u00edan en la parte trasera de la casa habilitada como escuela, con la complicidad de Margarita J. y la profesora Jazibe Belem.<\/p>\n\n\n\n<p>La denuncia en la PGR permiti\u00f3 que la Subprocuradur\u00eda de Investigaciones Especializada en Delincuencia Organizada (SIEDO) cateara el Instituto \u201cMiguel de Cervantes\u201d y el domicilio particular de la familia, donde fueron detenidos la se\u00f1ora Margarita y sus hijos Erick y Alejandro el 2 de diciembre del 2007.<\/p>\n\n\n\n<p>El 26 de febrero del 2008&nbsp; se ejercit\u00f3 acci\u00f3n penal en su contra y fueron trasladados a la ciudad de Oaxaca, al penal central en Santa Mar\u00eda Ixcotel.<\/p>\n\n\n\n<p>El 6 de marzo del 2008, el Juzgado de Segundo Distrito les dict\u00f3 auto de formal prisi\u00f3n por los delitos de corrupci\u00f3n de menores y delincuencia organizada, lo mismo para Domingo R.R.<\/p>\n\n\n\n<p>El 11 de julio del 2008 el Primer Tribunal Unitario del D\u00e9cimo Tercer Circuito modific\u00f3 el auto de formal prisi\u00f3n, confirmando el delito de corrupci\u00f3n de menores y eliminando el de delincuencia organizada.<\/p>\n","protected":false},"excerpt":{"rendered":"<p>Redacci\u00f3n\/Zona Roja. Oaxaca de Ju\u00e1rez, Oax., 21 de febrero de 2021.- Catorce a\u00f1os anduvo escondida&hellip;<\/p>\n","protected":false},"author":2,"featured_media":23862,"comment_status":"closed","ping_status":"open","sticky":false,"template":"","format":"standard","meta":{"_lmt_disableupdate":"","_lmt_disable":"","_jetpack_memberships_contains_paid_content":false,"footnotes":""},"categories":[109,47],"tags":[2475],"class_list":["post-23861","post","type-post","status-publish","format-standard","has-post-thumbnail","hentry","category-minuto-a-minuto","category-zona-gris","tag-instituto-miguel-de-cervantes-villa-de-etla"],"jetpack_featured_media_url":"https:\/\/zonaroja.com.mx\/wp-content\/uploads\/2021\/02\/Internado-Etla-detenida.jpg","jetpack_sharing_enabled":true,"_links":{"self":[{"href":"https:\/\/zonaroja.com.mx\/index.php?rest_route=\/wp\/v2\/posts\/23861","targetHints":{"allow":["GET"]}}],"collection":[{"href":"https:\/\/zonaroja.com.mx\/index.php?rest_route=\/wp\/v2\/posts"}],"about":[{"href":"https:\/\/zonaroja.com.mx\/index.php?rest_route=\/wp\/v2\/types\/post"}],"author":[{"embeddable":true,"href":"https:\/\/zonaroja.com.mx\/index.php?rest_route=\/wp\/v2\/users\/2"}],"replies":[{"embeddable":true,"href":"https:\/\/zonaroja.com.mx\/index.php?rest_route=%2Fwp%2Fv2%2Fcomments&post=23861"}],"version-history":[{"count":2,"href":"https:\/\/zonaroja.com.mx\/index.php?rest_route=\/wp\/v2\/posts\/23861\/revisions"}],"predecessor-version":[{"id":23864,"href":"https:\/\/zonaroja.com.mx\/index.php?rest_route=\/wp\/v2\/posts\/23861\/revisions\/23864"}],"wp:featuredmedia":[{"embeddable":true,"href":"https:\/\/zonaroja.com.mx\/index.php?rest_route=\/wp\/v2\/media\/23862"}],"wp:attachment":[{"href":"https:\/\/zonaroja.com.mx\/index.php?rest_route=%2Fwp%2Fv2%2Fmedia&parent=23861"}],"wp:term":[{"taxonomy":"category","embeddable":true,"href":"https:\/\/zonaroja.com.mx\/index.php?rest_route=%2Fwp%2Fv2%2Fcategories&post=23861"},{"taxonomy":"post_tag","embeddable":true,"href":"https:\/\/zonaroja.com.mx\/index.php?rest_route=%2Fwp%2Fv2%2Ftags&post=23861"}],"curies":[{"name":"wp","href":"https:\/\/api.w.org\/{rel}","templated":true}]}}