{"id":23868,"date":"2021-02-21T07:40:05","date_gmt":"2021-02-21T13:40:05","guid":{"rendered":"http:\/\/www.zonaroja.com.mx\/?p=23868"},"modified":"2021-02-21T07:40:12","modified_gmt":"2021-02-21T13:40:12","slug":"asi-nego-la-fiscalia-de-oaxaca-proteccion-al-comunicador-edgar-leyva","status":"publish","type":"post","link":"https:\/\/zonaroja.com.mx\/?p=23868","title":{"rendered":"As\u00ed neg\u00f3 la Fiscal\u00eda de Oaxaca protecci\u00f3n al comunicador Edgar Leyva"},"content":{"rendered":"\n<p>Yuridana Sosa\/Zona Roja.<\/p>\n\n\n\n<p>Oaxaca de Ju\u00e1rez, Oax., 21 de febrero de 2021.- A trav\u00e9s de la Vicefiscal\u00eda General de Atenci\u00f3n a V\u00edctimas y a la Sociedad, la Fiscal\u00eda General de Oaxaca neg\u00f3 al comunicador Edgar Leyva Medoza medidas cautelares, con la justificaci\u00f3n de contar con anterioridad con protecci\u00f3n; sin embargo, dos integrantes de su familia fueron asesinadas y \u00e9l se encuentra en indefensi\u00f3n.<\/p>\n\n\n\n<p>Con un documento de fecha 18 de febrero, la instituci\u00f3n a cargo de Rub\u00e9n Vasconcelos M\u00e9ndez respondi\u00f3 a la Defensor\u00eda de los Derechos Humanos del Pueblo de Oaxaca que \u201cesta Fiscal\u00eda se ve imposibilitada jur\u00eddicamente y materialmente para dar cumplimiento a su petici\u00f3n en los t\u00e9rminos planteados\u201d.<\/p>\n\n\n\n<p>El oficio firmado por el director de Derechos Humanos de la Fiscal\u00eda de Oaxaca, Delfino Peralta Ortega, excusa que la labor del Ministerio P\u00fablico \u201c\u00fanicamente corresponde la investigaci\u00f3n de los delitos y no realizar labores de prevenci\u00f3n funci\u00f3n que tambi\u00e9n se encuentra prevista en la Ley Org\u00e1nica de la Fiscal\u00eda General del Estado\u201d.<\/p>\n\n\n\n<p>Primero explic\u00f3 que la negativa fue porque Edgar Leyva ya cuenta con medidas de protecci\u00f3n dictadas anteriormente, las cuales fueron otorgadas dentro del marco legal, y despu\u00e9s expuso que la Fiscal\u00eda General del Estado cuenta con innumerables carpetas de investigaci\u00f3n \u201craz\u00f3n por la que los Agentes Estatales de Investigaci\u00f3n se ven absorbidos en su labor y no es posible distraernos de la misma\u201d.<\/p>\n\n\n\n<p>El abogado, promotor y defensor de derechos humanos, Pedro Sosa se\u00f1al\u00f3, en su cuenta de Twitter que \u201cLa negativa de la Fiscal\u00eda de Oaxaca por otorgar medidas de protecci\u00f3n a Edgar Leyva, desconoce los art\u00edculos 1o y 133 constitucionales que establecen las responsabilidades del Estado. Evadir su obligaci\u00f3n en otorgar protecci\u00f3n, lo hace responsable por omisi\u00f3n\u201d.<\/p>\n\n\n\n<p>La Fiscal\u00eda de Oaxaca concluy\u00f3 su respuesta con poder ofrecer acompa\u00f1amiento a Edgar Leyva por medio de la Polic\u00eda Estatal, al solicitarlo con 48 horas de anticipaci\u00f3n.<\/p>\n\n\n\n<p>Cuando resulte necesario, se podr\u00e1 ofrecer acompa\u00f1amiento al ciudadano \u201csiempre y cuando sean ocupados para realizar actividades derivadas del hecho victimizante, consistente en darle acompa\u00f1amiento desde su domicilio al lugar o lugares que tenga que trasladarse y de regreso a su domicilio\u201d.<\/p>\n","protected":false},"excerpt":{"rendered":"<p>Yuridana Sosa\/Zona Roja. Oaxaca de Ju\u00e1rez, Oax., 21 de febrero de 2021.- A trav\u00e9s de&hellip;<\/p>\n","protected":false},"author":2,"featured_media":23869,"comment_status":"closed","ping_status":"open","sticky":false,"template":"","format":"standard","meta":{"_lmt_disableupdate":"","_lmt_disable":"","_jetpack_memberships_contains_paid_content":false,"footnotes":""},"categories":[109,47],"tags":[2440,494],"class_list":["post-23868","post","type-post","status-publish","format-standard","has-post-thumbnail","hentry","category-minuto-a-minuto","category-zona-gris","tag-edgar-leyva-mendoza","tag-fiscalia-general-del-estado-de-oaxaca"],"jetpack_featured_media_url":"https:\/\/zonaroja.com.mx\/wp-content\/uploads\/2021\/02\/Oficio-custodio-Edgar-Leyva.jpg","jetpack_sharing_enabled":true,"_links":{"self":[{"href":"https:\/\/zonaroja.com.mx\/index.php?rest_route=\/wp\/v2\/posts\/23868","targetHints":{"allow":["GET"]}}],"collection":[{"href":"https:\/\/zonaroja.com.mx\/index.php?rest_route=\/wp\/v2\/posts"}],"about":[{"href":"https:\/\/zonaroja.com.mx\/index.php?rest_route=\/wp\/v2\/types\/post"}],"author":[{"embeddable":true,"href":"https:\/\/zonaroja.com.mx\/index.php?rest_route=\/wp\/v2\/users\/2"}],"replies":[{"embeddable":true,"href":"https:\/\/zonaroja.com.mx\/index.php?rest_route=%2Fwp%2Fv2%2Fcomments&post=23868"}],"version-history":[{"count":1,"href":"https:\/\/zonaroja.com.mx\/index.php?rest_route=\/wp\/v2\/posts\/23868\/revisions"}],"predecessor-version":[{"id":23870,"href":"https:\/\/zonaroja.com.mx\/index.php?rest_route=\/wp\/v2\/posts\/23868\/revisions\/23870"}],"wp:featuredmedia":[{"embeddable":true,"href":"https:\/\/zonaroja.com.mx\/index.php?rest_route=\/wp\/v2\/media\/23869"}],"wp:attachment":[{"href":"https:\/\/zonaroja.com.mx\/index.php?rest_route=%2Fwp%2Fv2%2Fmedia&parent=23868"}],"wp:term":[{"taxonomy":"category","embeddable":true,"href":"https:\/\/zonaroja.com.mx\/index.php?rest_route=%2Fwp%2Fv2%2Fcategories&post=23868"},{"taxonomy":"post_tag","embeddable":true,"href":"https:\/\/zonaroja.com.mx\/index.php?rest_route=%2Fwp%2Fv2%2Ftags&post=23868"}],"curies":[{"name":"wp","href":"https:\/\/api.w.org\/{rel}","templated":true}]}}