{"id":23871,"date":"2021-02-21T07:54:10","date_gmt":"2021-02-21T13:54:10","guid":{"rendered":"http:\/\/www.zonaroja.com.mx\/?p=23871"},"modified":"2021-02-21T07:54:13","modified_gmt":"2021-02-21T13:54:13","slug":"ante-impunidad-en-torno-a-la-vg-proponen-modificaciones-a-ley-organica-de-fiscalia","status":"publish","type":"post","link":"https:\/\/zonaroja.com.mx\/?p=23871","title":{"rendered":"Ante impunidad en torno a la VG, proponen modificaciones a Ley Org\u00e1nica de Fiscal\u00eda"},"content":{"rendered":"\n<p>Evlin Arag\u00f3n\/Zona Roja.<\/p>\n\n\n\n<p>Oaxaca de Ju\u00e1rez, Oax., 21 de febrero de 2021.- Debido a la revictimizaci\u00f3n y la impunidad que enfrentan las mujeres que denuncian violencia en su contra, al interior de las instancias de procuraci\u00f3n de justicia, el diputado local por el Partido del Trabajo, C\u00e9sar Morales Ni\u00f1o, propuso modificaciones a la Ley Org\u00e1nica de la Fiscal\u00eda General del Estado de Oaxaca.<\/p>\n\n\n\n<p>Y es que, de acuerdo con el legislador, las instituciones del Estado no han respondido con fortaleza para prevenir, sancionar y erradicar el aumento de violencia de g\u00e9nero que se registra actualmente en la entidad oaxaque\u00f1a. Por el contrario, las medidas o estrategias implementadas por el gobierno estatal han sido rebasadas.<\/p>\n\n\n\n<p>Claro ejemplo es lo que sucede al interior de la Fiscal\u00eda a cargo de Rub\u00e9n Vasconcelos M\u00e9ndez, en donde las denuncias se han convertido en el calvario de las v\u00edctimas, ya que muchas veces las y los agentes del Ministerio P\u00fablico adoptan posturas de incredulidad y no ofrecen la certeza que los agresores ser\u00e1n sancionados, expone.<\/p>\n\n\n\n<p>Son incontables los casos que refieren que el actuar del MP va encaminado a que las v\u00edctimas desistan, le hacen creer que la violencia en su contra se trata de mal entendidos de pareja, o vuelven a revictimizarlas, sin adoptar medidas urgentes con perspectiva de g\u00e9nero que salvaguarden la integridad de las mujeres.<\/p>\n\n\n\n<p>De ah\u00ed que, para Morales Ni\u00f1o no es suficiente que exista una Fiscal\u00eda Especializada para la Atenci\u00f3n de Delitos contra la Mujer por Raz\u00f3n de G\u00e9nero, mucho menos un Protocolo de Investigaci\u00f3n Ministerial, Policial y Pericial del delito de feminicidio en el estado, mientras se siga tolerando conductas machistas y mis\u00f3gina al interior de la dependencia.<\/p>\n\n\n\n<p>\u201cLa violencia contra las mujeres es otra gran pandemia que afectan a nuestra sociedad. La impunidad es la ra\u00edz de que cada vez se incremente la violencia en contra de las mujeres\u201d, refiere en su exposici\u00f3n.&nbsp;<\/p>\n\n\n\n<p>Por lo anterior, propuso adicionar un p\u00e1rrafo al art\u00edculo 95 de Ley Org\u00e1nica de la Fiscal\u00eda General del Estado de Oaxaca que garantice la protecci\u00f3n de las v\u00edctimas, as\u00ed como la asistencia y atenci\u00f3n personalizada desde el momento en que se tenga conocimiento del hecho considerado como delito.<\/p>\n\n\n\n<p>Lo anterior evitar\u00eda que las y los servidores p\u00fablicos de la dependencia revictimicen a las denunciantes, y en caso de hacerlo se sujetar\u00e1 a lo dispuesto por el procedimiento sancionador que en la materia corresponda.&nbsp;<\/p>\n\n\n\n<p>Mientras que las modificaciones al art\u00edculo 96 incluyen la adici\u00f3n de la fracci\u00f3n VIII que propone promover acciones que garanticen la seguridad y el auxilio a v\u00edctimas, ofendidos, testigos, jueces, magistrados, agentes del Ministerio P\u00fablico, Polic\u00edas, peritos y, en general, a todos los sujetos que, con motivo de la intervenci\u00f3n en el procedimiento, se encuentren en riesgo inminente.&nbsp; \u201cCon estas medidas legislativas, este Congreso atiende realidades sociales y proporcionara un marco jur\u00eddico que permita a la Fiscal\u00eda del Estado, combatir y erradicar las conductas internas que entorpecen la b\u00fasqueda de justicia de las mujeres que han sido v\u00edctimas de violencia\u201d, manifest\u00f3 el legislador en su iniciativa, que fue turnada a comisiones.<\/p>\n","protected":false},"excerpt":{"rendered":"<p>Evlin Arag\u00f3n\/Zona Roja. Oaxaca de Ju\u00e1rez, Oax., 21 de febrero de 2021.- Debido a la&hellip;<\/p>\n","protected":false},"author":2,"featured_media":23872,"comment_status":"closed","ping_status":"open","sticky":false,"template":"","format":"standard","meta":{"_lmt_disableupdate":"","_lmt_disable":"","_jetpack_memberships_contains_paid_content":false,"footnotes":""},"categories":[109,46],"tags":[612],"class_list":["post-23871","post","type-post","status-publish","format-standard","has-post-thumbnail","hentry","category-minuto-a-minuto","category-zona-blanca","tag-cesar-morales-nino"],"jetpack_featured_media_url":"https:\/\/zonaroja.com.mx\/wp-content\/uploads\/2021\/02\/Cesar-Morales.jpg","jetpack_sharing_enabled":true,"_links":{"self":[{"href":"https:\/\/zonaroja.com.mx\/index.php?rest_route=\/wp\/v2\/posts\/23871","targetHints":{"allow":["GET"]}}],"collection":[{"href":"https:\/\/zonaroja.com.mx\/index.php?rest_route=\/wp\/v2\/posts"}],"about":[{"href":"https:\/\/zonaroja.com.mx\/index.php?rest_route=\/wp\/v2\/types\/post"}],"author":[{"embeddable":true,"href":"https:\/\/zonaroja.com.mx\/index.php?rest_route=\/wp\/v2\/users\/2"}],"replies":[{"embeddable":true,"href":"https:\/\/zonaroja.com.mx\/index.php?rest_route=%2Fwp%2Fv2%2Fcomments&post=23871"}],"version-history":[{"count":1,"href":"https:\/\/zonaroja.com.mx\/index.php?rest_route=\/wp\/v2\/posts\/23871\/revisions"}],"predecessor-version":[{"id":23873,"href":"https:\/\/zonaroja.com.mx\/index.php?rest_route=\/wp\/v2\/posts\/23871\/revisions\/23873"}],"wp:featuredmedia":[{"embeddable":true,"href":"https:\/\/zonaroja.com.mx\/index.php?rest_route=\/wp\/v2\/media\/23872"}],"wp:attachment":[{"href":"https:\/\/zonaroja.com.mx\/index.php?rest_route=%2Fwp%2Fv2%2Fmedia&parent=23871"}],"wp:term":[{"taxonomy":"category","embeddable":true,"href":"https:\/\/zonaroja.com.mx\/index.php?rest_route=%2Fwp%2Fv2%2Fcategories&post=23871"},{"taxonomy":"post_tag","embeddable":true,"href":"https:\/\/zonaroja.com.mx\/index.php?rest_route=%2Fwp%2Fv2%2Ftags&post=23871"}],"curies":[{"name":"wp","href":"https:\/\/api.w.org\/{rel}","templated":true}]}}