{"id":23882,"date":"2021-02-21T15:45:02","date_gmt":"2021-02-21T21:45:02","guid":{"rendered":"http:\/\/www.zonaroja.com.mx\/?p=23882"},"modified":"2021-02-21T15:45:07","modified_gmt":"2021-02-21T21:45:07","slug":"proponen-dialogo-intercultural-para-una-justicia-pluralista-en-oaxaca","status":"publish","type":"post","link":"https:\/\/zonaroja.com.mx\/?p=23882","title":{"rendered":"Proponen di\u00e1logo intercultural para una justicia pluralista en Oaxaca"},"content":{"rendered":"\n<p>Evlin Arag\u00f3n\/Zona Roja.<\/p>\n\n\n\n<p>Oaxaca de Ju\u00e1rez, Oax., 21 de febrero de 2021.- En M\u00e9xico y Oaxaca, sigue siendo importante hablar sobre racismo, toda vez que existen a\u00fan cuestionamientos en torno a la forma de organizaci\u00f3n de los pueblos ind\u00edgenas. A\u00fan se pone en duda su capacidad para resolver distintas situaciones que se registran al interior de sus comunidades.&nbsp;&nbsp;<\/p>\n\n\n\n<p>As\u00ed lo estableci\u00f3 Tom\u00e1s L\u00f3pez Sarabia, presentante del Centro Profesional Ind\u00edgena de Asesor\u00eda, Defensa y Traducci\u00f3n (Cepiadet), en la inauguraci\u00f3n del congreso virtual \u201cIntercambio de experiencia para el di\u00e1logo entre justicias\u201d, que se llev\u00f3 a cabo este fin de semana, con la participaci\u00f3n de instituciones como la Defensor\u00eda de los Derechos Humanos del Pueblo de Oaxaca y el Tribunal Superior de Justicia de Oaxaca, entre otras.&nbsp;<\/p>\n\n\n\n<p>El tambi\u00e9n activista por los derechos de las comunidades y pueblos ind\u00edgenas, asegur\u00f3 que la pandemia ha desnudado la desigualdad existente estructura y compleja que se vive a lo largo y ancho del pa\u00eds, teniendo un impacto mayor en las comunidades originarias.<\/p>\n\n\n\n<p>\u201cLa brecha de implementaci\u00f3n persiste y aumenta en tiempos de pandemia al poder atender situaciones espec\u00edficas al interior de las instancias como la Fiscal\u00eda, de ah\u00ed que cobra importancia el papel de las justicias ind\u00edgenas, como parte de los derechos de los pueblos\u201d, refiri\u00f3.&nbsp;<\/p>\n\n\n\n<p>L\u00f3pez Sarabia insisti\u00f3 en la relevancia de la organizaci\u00f3n comunitaria, incluso para impartir justicia, la cual debe ser tomada en cuenta por el Estado como una opci\u00f3n real y equiparable a la justicia penal.<\/p>\n\n\n\n<p>Por lo anterior hizo un llamado para revisar las relaciones entre comunidades, pueblos, otras ciudadan\u00eda y sociedades, as\u00ed como las autoridades, con la intenci\u00f3n de caminar hacia un di\u00e1logo intercultural de realidad cotidiana en donde todas y todos sean tomados en cuenta sin importar su origen.&nbsp;<\/p>\n\n\n\n<p>ERROR HIST\u00d3RICO<\/p>\n\n\n\n<p>Al respecto, y durante su intervenci\u00f3n, el presidente del TSJO, Eduardo Pinacho S\u00e1nchez, reconoci\u00f3 el error hist\u00f3rico que se ha cometido por parte del Estado al pretender crear una identidad nacional desconociendo la coexistencia de m\u00faltiples culturas y cosmovisiones distintas.<\/p>\n\n\n\n<p>De ah\u00ed que destac\u00f3 el trabajo coordinado que han realizado con Cepiadet con la intenci\u00f3n de conjuntar esfuerzos y conocimientos, dando pasos importantes para la construcci\u00f3n de un Sistema de Justicia Pluralista que permita tomar en cuenta las formas de organizaci\u00f3n de la comunidades y pueblos ind\u00edgenas.<\/p>\n\n\n\n<p>Pinacho S\u00e1nchez asegur\u00f3 que Oaxaca se mantiene a la vanguardia en el reconocimiento de los derechos de los pueblos ind\u00edgenas, desde la creaci\u00f3n de la Sala de Justicia Ind\u00edgena, \u00fanica en su tipo en M\u00e9xico y Latinoam\u00e9rica, sin embargo, dijo hace mucho trabajo m\u00e1s para lograr el pluralismo jur\u00eddico que se necesita en la actualidad.<\/p>\n\n\n\n<p>Finalmente, destac\u00f3 que, derivado del trabajo en conjunto, se ha logrado la publicaci\u00f3n del libro \u201cDerechos de los pueblos ind\u00edgenas: experiencia desde la defensa, administraci\u00f3n y procuraci\u00f3n de justicia en Oaxaca\u201d; as\u00ed como una gu\u00eda para autoridades comunitarias en torno al acceso a la justicia.<\/p>\n","protected":false},"excerpt":{"rendered":"<p>Evlin Arag\u00f3n\/Zona Roja. Oaxaca de Ju\u00e1rez, Oax., 21 de febrero de 2021.- En M\u00e9xico y&hellip;<\/p>\n","protected":false},"author":2,"featured_media":23883,"comment_status":"closed","ping_status":"open","sticky":false,"template":"","format":"standard","meta":{"_lmt_disableupdate":"","_lmt_disable":"","_jetpack_memberships_contains_paid_content":false,"footnotes":""},"categories":[109,47],"tags":[1894],"class_list":["post-23882","post","type-post","status-publish","format-standard","has-post-thumbnail","hentry","category-minuto-a-minuto","category-zona-gris","tag-defensa-y-traduccion-cepiadet"],"jetpack_featured_media_url":"https:\/\/zonaroja.com.mx\/wp-content\/uploads\/2021\/02\/Congreso-Cepiadet.jpg","jetpack_sharing_enabled":true,"_links":{"self":[{"href":"https:\/\/zonaroja.com.mx\/index.php?rest_route=\/wp\/v2\/posts\/23882","targetHints":{"allow":["GET"]}}],"collection":[{"href":"https:\/\/zonaroja.com.mx\/index.php?rest_route=\/wp\/v2\/posts"}],"about":[{"href":"https:\/\/zonaroja.com.mx\/index.php?rest_route=\/wp\/v2\/types\/post"}],"author":[{"embeddable":true,"href":"https:\/\/zonaroja.com.mx\/index.php?rest_route=\/wp\/v2\/users\/2"}],"replies":[{"embeddable":true,"href":"https:\/\/zonaroja.com.mx\/index.php?rest_route=%2Fwp%2Fv2%2Fcomments&post=23882"}],"version-history":[{"count":1,"href":"https:\/\/zonaroja.com.mx\/index.php?rest_route=\/wp\/v2\/posts\/23882\/revisions"}],"predecessor-version":[{"id":23884,"href":"https:\/\/zonaroja.com.mx\/index.php?rest_route=\/wp\/v2\/posts\/23882\/revisions\/23884"}],"wp:featuredmedia":[{"embeddable":true,"href":"https:\/\/zonaroja.com.mx\/index.php?rest_route=\/wp\/v2\/media\/23883"}],"wp:attachment":[{"href":"https:\/\/zonaroja.com.mx\/index.php?rest_route=%2Fwp%2Fv2%2Fmedia&parent=23882"}],"wp:term":[{"taxonomy":"category","embeddable":true,"href":"https:\/\/zonaroja.com.mx\/index.php?rest_route=%2Fwp%2Fv2%2Fcategories&post=23882"},{"taxonomy":"post_tag","embeddable":true,"href":"https:\/\/zonaroja.com.mx\/index.php?rest_route=%2Fwp%2Fv2%2Ftags&post=23882"}],"curies":[{"name":"wp","href":"https:\/\/api.w.org\/{rel}","templated":true}]}}