{"id":23885,"date":"2021-02-21T15:54:33","date_gmt":"2021-02-21T21:54:33","guid":{"rendered":"http:\/\/www.zonaroja.com.mx\/?p=23885"},"modified":"2021-02-21T15:54:40","modified_gmt":"2021-02-21T21:54:40","slug":"reconoce-cndh-medidas-sanitarias-que-se-aplican-en-reclusorios-de-oaxaca","status":"publish","type":"post","link":"https:\/\/zonaroja.com.mx\/?p=23885","title":{"rendered":"Reconoce CNDH medidas sanitarias que se aplican en reclusorios de Oaxaca"},"content":{"rendered":"\n<p>Redacci\u00f3n\/Zona Roja.<\/p>\n\n\n\n<p>Oaxaca de Ju\u00e1rez, Oax. 21 de febrero de 2021.- La Comisi\u00f3n Nacional de los Derechos Humanos (CNDH) destac\u00f3 que las medias implementadas al interior de los 10 centros penitenciarios de Oaxaca est\u00e1n armonizadas con las directrices de la OMS, as\u00ed como con los Reglas Mandela<\/p>\n\n\n\n<p>Actualmente no se registra ning\u00fan caso positivo a Covid-19 en los centros penitenciarios del estado, inform\u00f3 la Secretar\u00eda de Seguridad P\u00fablica de Oaxaca (SSPO).<\/p>\n\n\n\n<p>Detall\u00f3 que implementa medidas espec\u00edficas para la prevenci\u00f3n, atenci\u00f3n y mitigaci\u00f3n de la Covid-19 en los centros penitenciarios del estado, para la garantizar la salud, higiene y seguridad de las personas privadas de la libertad, familiares y personal penitenciario.<\/p>\n\n\n\n<p>Destac\u00f3 que en una primera fase, se realiz\u00f3 la difusi\u00f3n de informaci\u00f3n sobre el virus y el uso de antis\u00e9pticos para la poblaci\u00f3n penitenciaria, familiares y personal penitenciario.<\/p>\n\n\n\n<p>As\u00ed mismo, se sanitizaron las instalaciones de los centros penitenciarios con el apoyo del Heroico Cuerpo de Bomberos (HCB) y de la Coordinaci\u00f3n de Estatal de Protecci\u00f3n Civil (CEPCO), aplicando el protocolo de Actuaci\u00f3n para la Atenci\u00f3n para la Contingencia Sanitaria derivada de la COVID-19 al interior de los Centros Penitenciarios emitido por la Conferencia Nacional del Sistema Penitenciario (CNSP).<\/p>\n\n\n\n<p>En este sentido, se&nbsp; redujo los d\u00edas de visita y la cantidad de personas, se instalaron filtros desinfectantes en las aduanas de los centros penitenciarios, se implementan brigadas m\u00e9dicas, videollamadas, se manufacturaron m\u00e1s de 14 mil cubrebocas para el uso de la poblaci\u00f3n penitenciaria y personal operativo; se entreg\u00f3 material de protecci\u00f3n (cubrebocas, cartetas, guantes y antis\u00e9pticos) a elementos de seguridad y custodia, se reubicaron 50 personas privadas de Libertad vulnerables en condiciones geri\u00e1tricas del Centro Penitenciario Ixcotel a un pabell\u00f3n especial en el centro penitenciario Tanivet Varonil para garantizar su salud durante la contingencia sanitaria por COVID-19.<\/p>\n\n\n\n<p>En el reclusorio de San Francisco Tanivet Varonil se cuenta con un \u00e1rea m\u00e9dica conformada por 24 camas de hospitalizaci\u00f3n, salas de aislamiento, quir\u00f3fano, una sala de ultrasonido, oftalmol\u00f3gica, odontol\u00f3gica, rayos X, enfermer\u00eda y morgue, al igual que un cuarto de asepsia, sala de urgencias y curaciones un laboratorio sangu\u00edneo, as\u00ed como tres consultorios m\u00e9dicos. Asimismo, en este Centro Penitenciario se cuenta con 3 respiradores artificiales y ambulancia especial para el uso la poblaci\u00f3n penitenciaria.<\/p>\n\n\n\n<p>La Comisi\u00f3n Nacional de los Derechos Humanos (CNDH) destac\u00f3 en su informe Especial Covid-19 en centros penitenciarios, que las medias implementadas por el Gobierno del Estado de Oaxaca al interior de los 10 centros penitenciarios est\u00e1n armonizadas con las directrices de la Organizaci\u00f3n Mundial de la Salud, a los Reglas Mandela y a los lineamientos emitidos por los Servicios de Salud de Oaxaca.<\/p>\n\n\n\n<p>Cabe destacar que, gracias a estos controles oportunos, actualmente no hay casos activos por Covid- 19 en los centros penitenciarios del estado, ni personas privadas de libertad que refieran sintomatolog\u00eda, expuso la dependencia, a cargo de Ra\u00fal Ernesto Salcedo Rosales.<\/p>\n","protected":false},"excerpt":{"rendered":"<p>Redacci\u00f3n\/Zona Roja. Oaxaca de Ju\u00e1rez, Oax. 21 de febrero de 2021.- La Comisi\u00f3n Nacional de&hellip;<\/p>\n","protected":false},"author":2,"featured_media":23886,"comment_status":"closed","ping_status":"open","sticky":false,"template":"","format":"standard","meta":{"_lmt_disableupdate":"","_lmt_disable":"","_jetpack_memberships_contains_paid_content":false,"footnotes":""},"categories":[109,46],"tags":[175],"class_list":["post-23885","post","type-post","status-publish","format-standard","has-post-thumbnail","hentry","category-minuto-a-minuto","category-zona-blanca","tag-secretaria-de-seguridad-publica-de-oaxaca"],"jetpack_featured_media_url":"https:\/\/zonaroja.com.mx\/wp-content\/uploads\/2021\/02\/SSPO-5.jpg","jetpack_sharing_enabled":true,"_links":{"self":[{"href":"https:\/\/zonaroja.com.mx\/index.php?rest_route=\/wp\/v2\/posts\/23885","targetHints":{"allow":["GET"]}}],"collection":[{"href":"https:\/\/zonaroja.com.mx\/index.php?rest_route=\/wp\/v2\/posts"}],"about":[{"href":"https:\/\/zonaroja.com.mx\/index.php?rest_route=\/wp\/v2\/types\/post"}],"author":[{"embeddable":true,"href":"https:\/\/zonaroja.com.mx\/index.php?rest_route=\/wp\/v2\/users\/2"}],"replies":[{"embeddable":true,"href":"https:\/\/zonaroja.com.mx\/index.php?rest_route=%2Fwp%2Fv2%2Fcomments&post=23885"}],"version-history":[{"count":1,"href":"https:\/\/zonaroja.com.mx\/index.php?rest_route=\/wp\/v2\/posts\/23885\/revisions"}],"predecessor-version":[{"id":23887,"href":"https:\/\/zonaroja.com.mx\/index.php?rest_route=\/wp\/v2\/posts\/23885\/revisions\/23887"}],"wp:featuredmedia":[{"embeddable":true,"href":"https:\/\/zonaroja.com.mx\/index.php?rest_route=\/wp\/v2\/media\/23886"}],"wp:attachment":[{"href":"https:\/\/zonaroja.com.mx\/index.php?rest_route=%2Fwp%2Fv2%2Fmedia&parent=23885"}],"wp:term":[{"taxonomy":"category","embeddable":true,"href":"https:\/\/zonaroja.com.mx\/index.php?rest_route=%2Fwp%2Fv2%2Fcategories&post=23885"},{"taxonomy":"post_tag","embeddable":true,"href":"https:\/\/zonaroja.com.mx\/index.php?rest_route=%2Fwp%2Fv2%2Ftags&post=23885"}],"curies":[{"name":"wp","href":"https:\/\/api.w.org\/{rel}","templated":true}]}}