{"id":23888,"date":"2021-02-21T16:10:47","date_gmt":"2021-02-21T22:10:47","guid":{"rendered":"http:\/\/www.zonaroja.com.mx\/?p=23888"},"modified":"2021-02-21T16:13:41","modified_gmt":"2021-02-21T22:13:41","slug":"seis-militares-muertos-saldo-del-accidente-aereo-en-veracruz","status":"publish","type":"post","link":"https:\/\/zonaroja.com.mx\/?p=23888","title":{"rendered":"Seis militares muertos, saldo del accidente a\u00e9reo en Veracruz"},"content":{"rendered":"\n<p>Redacci\u00f3n\/Zona Roja Cdmx.<\/p>\n\n\n\n<p>Ciudad de M\u00e9xico, 21 de febrero de 2021.-Seis elementos de la Secretar\u00eda de la Defensa Nacional (Sedena) perdieron la vida esta ma\u00f1ana en un accidente a\u00e9reo ocurrido en el estado de Veracruz.<\/p>\n\n\n\n<p>De acuerdo con reportes oficiales, el percance se registr\u00f3 a las 09:45 horas, cuando una aeronave propiedad de la Fuerza \u00c1rea Mexicana, que se dirig\u00eda a Veracruz, se desplom\u00f3 minutos despu\u00e9s de despegar del aeropuerto nacional \u201cEl Lencero\u201d.<\/p>\n\n\n\n<p>La avioneta LearJet 45 matr\u00edcula 3912 se accident\u00f3 en el municipio de Emiliano Zapata, presuntamente cuando realizaban pr\u00e1cticas de vuelo.<\/p>\n\n\n\n<figure class=\"wp-block-embed-twitter wp-block-embed is-type-rich is-provider-twitter\"><div class=\"wp-block-embed__wrapper\">\n<div class=\"twitter-tweet\"><blockquote class=\"twitter-tweet\" data-lang=\"es\"><p lang=\"es\" dir=\"ltr\"><a href=\"https:\/\/twitter.com\/hashtag\/%C3%9AltimoMinuto?src=hash&amp;ref_src=twsrc%5Etfw\">#\u00daltimoMinuto<\/a> <br>Al menos seis personas perdieron la vida esta ma\u00f1ana en un accidente a\u00e9reo ocurrido a una avioneta de la Fuerza A\u00e9rea Mexicana tipo Learjet 45XR, matr\u00edcula 3912, ocurrido en el aeropuerto de Lancero, del municipio de Emiliano Zapata, <a href=\"https:\/\/twitter.com\/hashtag\/Veracruz?src=hash&amp;ref_src=twsrc%5Etfw\">#Veracruz<\/a>. <a href=\"https:\/\/t.co\/x5DxjRaUEv\">pic.twitter.com\/x5DxjRaUEv<\/a><\/p>&mdash; Zona Roja Oaxaca (@Zona_Roja_Oax) <a href=\"https:\/\/twitter.com\/Zona_Roja_Oax\/status\/1363581055312269313?ref_src=twsrc%5Etfw\">21 de febrero de 2021<\/a><\/blockquote><\/div>\n<\/div><\/figure>\n\n\n\n<p>Una de las l\u00edneas de investigaci\u00f3n apunta a una probable falla mec\u00e1nica, aunque a\u00fan no se ha dado ning\u00fan reporte oficial al respecto.<\/p>\n\n\n\n<p>La Sedena extern\u00f3 su \u201cm\u00e1s profundo p\u00e9same a las familias de los militares que lamentablemente perdieron la vida en cumplimiento de su deber\u201d.<\/p>\n\n\n\n<p>Ser\u00e0 la Comisi\u00f3n Investigadora y Dictaminadora de Accidentes A\u00e9reos de esta secretar\u00eda y la Inspecci\u00f3n y Contralor\u00eda General del Ej\u00e9rcito y Fuerza A\u00e9rea, las realizar\u00e1 los peritajes correspondientes para determinar las posibles causas que originaron el evento.<\/p>\n\n\n\n<p>(Informaci\u00f2n de agencias)<\/p>\n","protected":false},"excerpt":{"rendered":"<p>Redacci\u00f3n\/Zona Roja Cdmx. Ciudad de M\u00e9xico, 21 de febrero de 2021.-Seis elementos de la Secretar\u00eda&hellip;<\/p>\n","protected":false},"author":2,"featured_media":23889,"comment_status":"closed","ping_status":"open","sticky":false,"template":"","format":"standard","meta":{"_lmt_disableupdate":"","_lmt_disable":"","_jetpack_memberships_contains_paid_content":false,"footnotes":""},"categories":[109,51],"tags":[2477],"class_list":["post-23888","post","type-post","status-publish","format-standard","has-post-thumbnail","hentry","category-minuto-a-minuto","category-zona-roja","tag-accidente-aereo-sedena-veracruz"],"jetpack_featured_media_url":"https:\/\/zonaroja.com.mx\/wp-content\/uploads\/2021\/02\/Accidente-Sedena-Veracruz.jpg","jetpack_sharing_enabled":true,"_links":{"self":[{"href":"https:\/\/zonaroja.com.mx\/index.php?rest_route=\/wp\/v2\/posts\/23888","targetHints":{"allow":["GET"]}}],"collection":[{"href":"https:\/\/zonaroja.com.mx\/index.php?rest_route=\/wp\/v2\/posts"}],"about":[{"href":"https:\/\/zonaroja.com.mx\/index.php?rest_route=\/wp\/v2\/types\/post"}],"author":[{"embeddable":true,"href":"https:\/\/zonaroja.com.mx\/index.php?rest_route=\/wp\/v2\/users\/2"}],"replies":[{"embeddable":true,"href":"https:\/\/zonaroja.com.mx\/index.php?rest_route=%2Fwp%2Fv2%2Fcomments&post=23888"}],"version-history":[{"count":2,"href":"https:\/\/zonaroja.com.mx\/index.php?rest_route=\/wp\/v2\/posts\/23888\/revisions"}],"predecessor-version":[{"id":23892,"href":"https:\/\/zonaroja.com.mx\/index.php?rest_route=\/wp\/v2\/posts\/23888\/revisions\/23892"}],"wp:featuredmedia":[{"embeddable":true,"href":"https:\/\/zonaroja.com.mx\/index.php?rest_route=\/wp\/v2\/media\/23889"}],"wp:attachment":[{"href":"https:\/\/zonaroja.com.mx\/index.php?rest_route=%2Fwp%2Fv2%2Fmedia&parent=23888"}],"wp:term":[{"taxonomy":"category","embeddable":true,"href":"https:\/\/zonaroja.com.mx\/index.php?rest_route=%2Fwp%2Fv2%2Fcategories&post=23888"},{"taxonomy":"post_tag","embeddable":true,"href":"https:\/\/zonaroja.com.mx\/index.php?rest_route=%2Fwp%2Fv2%2Ftags&post=23888"}],"curies":[{"name":"wp","href":"https:\/\/api.w.org\/{rel}","templated":true}]}}