{"id":2389,"date":"2019-07-20T07:55:52","date_gmt":"2019-07-20T12:55:52","guid":{"rendered":"http:\/\/www.zonaroja.com.mx\/?p=2389"},"modified":"2019-07-20T07:55:54","modified_gmt":"2019-07-20T12:55:54","slug":"el-oaxaqueno-que-viajo-a-la-luna","status":"publish","type":"post","link":"https:\/\/zonaroja.com.mx\/?p=2389","title":{"rendered":"El oaxaque\u00f1o que \u2018viaj\u00f3\u2019 a la Luna"},"content":{"rendered":"\n<p>Agencia\nReforma<\/p>\n\n\n\n<p>Ciudad de\nM\u00e9xico.- Es por pocos conocido, pero un mexicano viaj\u00f3 al espacio mucho antes\nque Rodolfo Neri Vela. \u00abAluniz\u00f3\u00bb incluso junto a Neil Armstrong y\ncompa\u00f1\u00eda hace 50 a\u00f1os, el 21 julio de 1969. O lo hizo, al menos, a trav\u00e9s de la\ninsignia del traje de los astronautas: H\u00e9ctor Hern\u00e1ndez.<\/p>\n\n\n\n<p>Este\noaxaque\u00f1o traz\u00f3 el dise\u00f1o final de la insignia de Apolo 11, la misi\u00f3n tripulada\nde la NASA que llev\u00f3 al hombre a la Luna.<\/p>\n\n\n\n<p>Graduado\ncomo licenciado en artes por la Universidad Aut\u00f3noma \u201cBenito Ju\u00e1rez\u201d de Oaxaca\n(UABJO), era ya un prometedor artista cuando fue llamado a Cabo Ca\u00f1averal, a\nlos 31 a\u00f1os.<\/p>\n\n\n\n<p>En 1965, a\u00fan\nviviendo en Oaxaca, hab\u00eda ganado un concurso de dibujo lanzado por la revista\nestadounidense Strain and Health por el dise\u00f1o de una historieta llamada Bosco.<\/p>\n\n\n\n<p>\u00abBosco\nera un tipo, una caricatura de un hombre fuerte, fisicoculturista, parecido a\nlos del siglo pasado, que se enfrentaba a m\u00faltiples aventuras\u00bb, cuenta\nHern\u00e1ndez, de 83 a\u00f1os, sobre ese proyecto en el que asomaba otra de sus\npasiones: el fisicoculturismo. Gan\u00f3 incluso el t\u00edtulo de Mr. Oaxaca y concurs\u00f3\npor el Mr. M\u00e9xico en dos ocasiones.<\/p>\n\n\n\n<p>Su destino\nvirar\u00eda ante el llamado de la NASA, cuyas redes tocaron la puerta de la UABJO;\nestaban en busca de creadores para trabajar con la agencia y quer\u00edan probar\nsuerte en una tierra c\u00e9lebre por sus artistas. Y la Universidad los remiti\u00f3 a\n\u00e9l.<\/p>\n\n\n\n<p>Atr\u00e1s,\nentonces, quedar\u00eda Oaxaca, y Hern\u00e1ndez lleg\u00f3 en 1967 a Orlando, Florida.<\/p>\n\n\n\n<p>\u00abLa\nNASA hab\u00eda asignado a una familia americana de origen alem\u00e1n para que me\nalojara al llegar\u00bb, recuerda. \u00abMe aclararon que estaban haciendo una\nexcepci\u00f3n, porque en ese momento en el programa Apolo no trabajan m\u00e1s que puros\nciudadanos americanos\u00bb.<\/p>\n\n\n\n<p>Su\nacoplamiento, cuenta, fue dif\u00edcil al principio, sobre todo porque a\u00fan no\ndominaba bien el idioma.<\/p>\n\n\n\n<p>En el\nDepartamento de Presentaciones del Centro Espacial Kennedy (KSC), su lugar de\ntrabajo, era el \u00fanico mexicano entre 15 artistas estadounidenses. Sin embargo,\nno tard\u00f3 en destacar.<\/p>\n\n\n\n<p>Sus labores\neran variadas. As\u00ed como dise\u00f1aba presentaciones e ilustraba los sistemas de\nescape de los mecanismos de prueba, tambi\u00e9n rotulaba nombres en los cascos\noficiales. <\/p>\n\n\n\n<p>Recuerda que\nle toc\u00f3 rotular el casco del Presidente Richard Nixon cuando realiz\u00f3 una visita\nal KSC.<\/p>\n\n\n\n<p>\u00c9l viv\u00eda en\nOrlando y Cabo Ca\u00f1averal le quedaba a 45 minutos.<\/p>\n\n\n\n<p>\u00abYo era\nmuy polifac\u00e9tico con respecto al arte. Hac\u00eda m\u00e1s cosas que todos los dem\u00e1s. No,\nno que todos los dem\u00e1s, que muchos de mis compa\u00f1eros. Mi obsesi\u00f3n era aprender.\nPr\u00e1cticamente yo era un ilustrador no solamente ocho horas al d\u00eda; en casa me\nhab\u00eda comprado un restirador para practicar y seguir dibujando. Los fines de\nsemana iba yo a sacar libros de arte e ilustraci\u00f3n t\u00e9cnica a la biblioteca\np\u00fablica de Orlando para estudiar, estudiar y estudiar. Mi obsesi\u00f3n era el arte\ny aprender m\u00e1s, cada vez m\u00e1s\u00bb, afirma.<\/p>\n\n\n\n<p>Cuando el\nlanzamiento a la Luna comenz\u00f3 a concretarse, cuenta que su jefe le pidi\u00f3 a \u00e9l y\na sus compa\u00f1eros que trabajaran cada uno en el dise\u00f1o de la insignia de la\nmisi\u00f3n. S\u00f3lo les dijo que el m\u00f3dulo lunar se llamar\u00eda \u00abEagle\u00bb y\nning\u00fan dato m\u00e1s, asegura.<\/p>\n\n\n\n<p>El oaxaque\u00f1o\nentreg\u00f3 tres bocetos que fueron rechazados, lo mismo que sus compa\u00f1eros. Y\nentonces se sent\u00f3 a su mesa de dibujo, ajust\u00f3 su silla, y lo pens\u00f3 un poco m\u00e1s,\nhasta que fue aterrizando, o \u00abalunizando\u00bb, el \u00e1guila de la insignia\ncon una rama de olivo en el pico; en primer plano, un cr\u00e1ter lunar, y, de fondo,\nla Tierra con su azul vibrante en medio del espacio sideral.<\/p>\n\n\n\n<p>Cuando le\nfue anunciado que su trazo se quedaba, asinti\u00f3 con la cabeza y se alegr\u00f3 en\nsilencio. Siempre ha sido un hombre sencillo, asegura.<\/p>\n\n\n\n<p>D\u00edas\ndespu\u00e9s, ver\u00eda la insignia bordada en los trajes de los astronautas, prestos a\nhacer historia.<\/p>\n\n\n\n<p>El d\u00eda del\nlanzamiento, la NASA lo escogi\u00f3 a \u00e9l junto a otros cuatro artistas para ver el\ndespegue desde el KSC.<\/p>\n\n\n\n<p>\u00abEso es\nlo que yo considero: haber sido parte de un equipo en esta haza\u00f1a. No considero\nyo una haza\u00f1a m\u00e1s grande en la historia del mundo que haber llegado a la Luna,\ny de eso me enorgullezco\u00bb.<\/p>\n\n\n\n<p>Pero\ninsiste, simplemente fue parte de un equipo.<\/p>\n\n\n\n<p>Hern\u00e1ndez\ndej\u00f3 la NASA en 1971 para volver a M\u00e9xico junto a su esposa, siempre nost\u00e1lgica\npor su tierra, y una hija en brazos.<\/p>\n\n\n\n<p>En Oaxaca\nsigui\u00f3 trabajando en el campo del dise\u00f1o, aunque puso tambi\u00e9n un gimnasio.\nActualmente vive en una colonia popular, la Volcanes, y es pensionado, aunque\nadem\u00e1s obtiene ingresos de las m\u00e1quinas de ejercicio que dise\u00f1a para gimnasios\ny de la renta de un condominio que tiene en Florida.<\/p>\n\n\n\n<p>Cuando\npiensa en su \u00e9poca en la NASA, suele a veces sorprenderse: \u00abTuve a\nArmstrong a medio metro\u00bb, recuerda.<\/p>\n","protected":false},"excerpt":{"rendered":"<p>Agencia Reforma Ciudad de M\u00e9xico.- Es por pocos conocido, pero un mexicano viaj\u00f3 al espacio&hellip;<\/p>\n","protected":false},"author":2,"featured_media":2390,"comment_status":"closed","ping_status":"open","sticky":false,"template":"","format":"standard","meta":{"_lmt_disableupdate":"","_lmt_disable":"","_jetpack_memberships_contains_paid_content":false,"footnotes":""},"categories":[109],"tags":[],"class_list":["post-2389","post","type-post","status-publish","format-standard","has-post-thumbnail","hentry","category-minuto-a-minuto"],"jetpack_featured_media_url":"https:\/\/zonaroja.com.mx\/wp-content\/uploads\/2019\/07\/oaxaque\u00f1o-luna.jpg","jetpack_sharing_enabled":true,"_links":{"self":[{"href":"https:\/\/zonaroja.com.mx\/index.php?rest_route=\/wp\/v2\/posts\/2389","targetHints":{"allow":["GET"]}}],"collection":[{"href":"https:\/\/zonaroja.com.mx\/index.php?rest_route=\/wp\/v2\/posts"}],"about":[{"href":"https:\/\/zonaroja.com.mx\/index.php?rest_route=\/wp\/v2\/types\/post"}],"author":[{"embeddable":true,"href":"https:\/\/zonaroja.com.mx\/index.php?rest_route=\/wp\/v2\/users\/2"}],"replies":[{"embeddable":true,"href":"https:\/\/zonaroja.com.mx\/index.php?rest_route=%2Fwp%2Fv2%2Fcomments&post=2389"}],"version-history":[{"count":1,"href":"https:\/\/zonaroja.com.mx\/index.php?rest_route=\/wp\/v2\/posts\/2389\/revisions"}],"predecessor-version":[{"id":2391,"href":"https:\/\/zonaroja.com.mx\/index.php?rest_route=\/wp\/v2\/posts\/2389\/revisions\/2391"}],"wp:featuredmedia":[{"embeddable":true,"href":"https:\/\/zonaroja.com.mx\/index.php?rest_route=\/wp\/v2\/media\/2390"}],"wp:attachment":[{"href":"https:\/\/zonaroja.com.mx\/index.php?rest_route=%2Fwp%2Fv2%2Fmedia&parent=2389"}],"wp:term":[{"taxonomy":"category","embeddable":true,"href":"https:\/\/zonaroja.com.mx\/index.php?rest_route=%2Fwp%2Fv2%2Fcategories&post=2389"},{"taxonomy":"post_tag","embeddable":true,"href":"https:\/\/zonaroja.com.mx\/index.php?rest_route=%2Fwp%2Fv2%2Ftags&post=2389"}],"curies":[{"name":"wp","href":"https:\/\/api.w.org\/{rel}","templated":true}]}}