{"id":23899,"date":"2021-02-22T08:00:35","date_gmt":"2021-02-22T14:00:35","guid":{"rendered":"http:\/\/www.zonaroja.com.mx\/?p=23899"},"modified":"2021-02-21T21:14:10","modified_gmt":"2021-02-22T03:14:10","slug":"impulsa-poder-judicial-una-justicia-con-enfoque-de-genero-y-derechos-humanos","status":"publish","type":"post","link":"https:\/\/zonaroja.com.mx\/?p=23899","title":{"rendered":"Impulsa Poder Judicial una justicia con enfoque de g\u00e9nero y derechos humanos"},"content":{"rendered":"\n<p>Redacci\u00f3n\/Zona Roja.<\/p>\n\n\n\n<p>Oaxaca de Ju\u00e1rez, Oax., 22 de febrero de 2021.- En el a\u00f1o 2020, el Poder Judicial del Estado de Oaxaca, a trav\u00e9s de Escuela Judicial, suscribi\u00f3 seis convenios de colaboraci\u00f3n con instituciones p\u00fablicas y privadas, los cuales han abierto canales para la profesionalizaci\u00f3n, la capacitaci\u00f3n, la salvaguarda de los derechos humanos y la defensa de la justicia.<\/p>\n\n\n\n<p>De esta manera, como lo ha priorizado el magistrado presidente Eduardo Pinacho S\u00e1nchez, se conjuntaron esfuerzos con la Secretar\u00eda de las Mujeres de Oaxaca (SMO), al firmarse dos convenios de colaboraci\u00f3n, con los que se impulsa el respeto ineludible a la Constituci\u00f3n Pol\u00edtica de los Estados Unidos Mexicanos, para mejorar la administraci\u00f3n de la justicia en nuestro estado.<\/p>\n\n\n\n<p>Adem\u00e1s, se sensibiliza y capacita a quienes imparten justicia en perspectiva de g\u00e9nero para eficientar el acceso a la justicia de las personas y se promueven ambientes laborales libres de violencia y discriminaci\u00f3n.<\/p>\n\n\n\n<p>El director de la Escuela Judicial, H\u00e9ctor Humberto V\u00e1squez Quevedo, indic\u00f3 que en la actual administraci\u00f3n, se pondera que la justicia se realice con un enfoque de g\u00e9nero y derechos humanos, ya que el Poder Judicial constituye uno de los medios de defensa para la protecci\u00f3n de los derechos y las libertades individuales de las mujeres, por ello la trascendental importancia de su respuesta efectiva ante violaciones de derechos humanos.<\/p>\n\n\n\n<p>Agreg\u00f3 que en el presente a\u00f1o, existe el compromiso de continuar desarrollando y fortaleciendo las estrategias para cumplir con las obligaciones constitucionales derivadas del principio de igualdad y del derecho a la no discriminaci\u00f3n, con la finalidad de fortalecer la perspectiva de g\u00e9nero, en el \u00e1mbito jurisdiccional y administrativo.<\/p>\n\n\n\n<p>Una respuesta judicial id\u00f3nea resulta indispensable para que las mujeres cuenten con un recurso ante los hechos sufridos y que \u00e9stos no queden impunes.<\/p>\n\n\n\n<p>En diferentes foros, el titular del Poder Judicial del Estado ha enfatizado la prioridad de la instituci\u00f3n de coadyuvar firmemente en el prop\u00f3sito de cambiar la cultura, defender los derechos de las mujeres y ni\u00f1as y atender los problemas de discriminaci\u00f3n y desigualdad en el \u00e1mbito de sus atribuciones.<\/p>\n","protected":false},"excerpt":{"rendered":"<p>Redacci\u00f3n\/Zona Roja. Oaxaca de Ju\u00e1rez, Oax., 22 de febrero de 2021.- En el a\u00f1o 2020,&hellip;<\/p>\n","protected":false},"author":2,"featured_media":23900,"comment_status":"closed","ping_status":"open","sticky":false,"template":"","format":"standard","meta":{"_lmt_disableupdate":"","_lmt_disable":"","_jetpack_memberships_contains_paid_content":false,"footnotes":""},"categories":[109,46],"tags":[223],"class_list":["post-23899","post","type-post","status-publish","format-standard","has-post-thumbnail","hentry","category-minuto-a-minuto","category-zona-blanca","tag-poder-judicial-de-oaxaca"],"jetpack_featured_media_url":"https:\/\/zonaroja.com.mx\/wp-content\/uploads\/2021\/02\/Sesion-virtual.jpg","jetpack_sharing_enabled":true,"_links":{"self":[{"href":"https:\/\/zonaroja.com.mx\/index.php?rest_route=\/wp\/v2\/posts\/23899","targetHints":{"allow":["GET"]}}],"collection":[{"href":"https:\/\/zonaroja.com.mx\/index.php?rest_route=\/wp\/v2\/posts"}],"about":[{"href":"https:\/\/zonaroja.com.mx\/index.php?rest_route=\/wp\/v2\/types\/post"}],"author":[{"embeddable":true,"href":"https:\/\/zonaroja.com.mx\/index.php?rest_route=\/wp\/v2\/users\/2"}],"replies":[{"embeddable":true,"href":"https:\/\/zonaroja.com.mx\/index.php?rest_route=%2Fwp%2Fv2%2Fcomments&post=23899"}],"version-history":[{"count":1,"href":"https:\/\/zonaroja.com.mx\/index.php?rest_route=\/wp\/v2\/posts\/23899\/revisions"}],"predecessor-version":[{"id":23901,"href":"https:\/\/zonaroja.com.mx\/index.php?rest_route=\/wp\/v2\/posts\/23899\/revisions\/23901"}],"wp:featuredmedia":[{"embeddable":true,"href":"https:\/\/zonaroja.com.mx\/index.php?rest_route=\/wp\/v2\/media\/23900"}],"wp:attachment":[{"href":"https:\/\/zonaroja.com.mx\/index.php?rest_route=%2Fwp%2Fv2%2Fmedia&parent=23899"}],"wp:term":[{"taxonomy":"category","embeddable":true,"href":"https:\/\/zonaroja.com.mx\/index.php?rest_route=%2Fwp%2Fv2%2Fcategories&post=23899"},{"taxonomy":"post_tag","embeddable":true,"href":"https:\/\/zonaroja.com.mx\/index.php?rest_route=%2Fwp%2Fv2%2Ftags&post=23899"}],"curies":[{"name":"wp","href":"https:\/\/api.w.org\/{rel}","templated":true}]}}