{"id":23908,"date":"2021-02-22T07:31:44","date_gmt":"2021-02-22T13:31:44","guid":{"rendered":"http:\/\/www.zonaroja.com.mx\/?p=23908"},"modified":"2021-02-22T07:40:12","modified_gmt":"2021-02-22T13:40:12","slug":"presuntos-taxistas-agreden-a-periodista-en-oaxaca-y-danan-su-motocicleta","status":"publish","type":"post","link":"https:\/\/zonaroja.com.mx\/?p=23908","title":{"rendered":"Presuntos taxistas agreden a periodista en Oaxaca y da\u00f1an su motocicleta"},"content":{"rendered":"\n<p>Redacci\u00f3n\/Zona Roja.<\/p>\n\n\n\n<p>Oaxaca de Ju\u00e1rez, Oax., 22 de febrero de 2021.- El reportero Javier Santiago fue atacado a golpes, palos y piedras anoche en la ciudad de Oaxaca, adem\u00e1s de da\u00f1arle su motocicleta.<\/p>\n\n\n\n<p>Los presuntos agresores fueron identificados de manera preliminar como taxistas de sitios colectivos del valle de Etla, liderados al parecer por un individuo identificado como Joaqu\u00edn, quien adem\u00e1s, aseguran, se dedica al ambulantaje en el centro de la capital.<\/p>\n\n\n\n<p>Los hechos sucedieron aproximadamente a las 22:00 horas en un local de alimentos ubicado en las riberas del r\u00edo \u201cAtoyac\u201d, a la altura de la colonia Del Periodista, cuando Javier Santiago iba a cenar.<\/p>\n\n\n\n<p>Al sitio arribaron los taxistas, que de inmediato lo agredieron y da\u00f1aron su motoneta, tras lo cual se dieron a la fuga; uno de los taxis fue identificado con el n\u00famero econ\u00f3mico 01-550, de la Villa de Etla.<\/p>\n\n\n\n<p>Elementos de la polic\u00eda municipal de Oaxaca de Ju\u00e1rez no llegaron a tiempo en la zona por lo cual no pudieron efectuar persecuciones o b\u00fasqueda de los agresores.<\/p>\n\n\n\n<p>El reportero del sitio de internet \u201cRealidad Oaxaca\u201d y de Oaxaca Vial y Noticias al Instante, fue atendido primero por particulares y posteriormente por personal de la Cruz Roja Mexicana, que lo traslad\u00f3 a un hospital de la colonia Reforma, donde tres horas m\u00e1s tarde fue dado de alta y convalece en su domicilio.<\/p>\n\n\n\n<p>\u201cLa Defensor\u00eda de los Derechos Humanos del Pueblo de Oaxaca condena la agresi\u00f3n contra el reportero Javier Santiago (@Javier_prensa) y mantiene acompa\u00f1amiento directo en el lugar donde recibe atenci\u00f3n, adem\u00e1s de dictar medidas cautelares para su seguridad e iniciar expediente\u201d, inform\u00f3 el organismo a trav\u00e9s de sus redes sociales, mientras que personal de la Fiscal\u00eda General del Estado acudi\u00f3 a tomarle la declaraci\u00f3n para iniciar la respectiva Carpeta de Investigaci\u00f3n.<\/p>\n\n\n\n<p>Comunicadores de Oaxaca y asociaciones de periodistas condenaron los hechos y exigieron justicia para el reportero.<\/p>\n\n\n\n<figure class=\"wp-block-embed-twitter wp-block-embed is-type-rich is-provider-twitter\"><div class=\"wp-block-embed__wrapper\">\n<div class=\"twitter-tweet\"><blockquote class=\"twitter-tweet\" data-lang=\"es\"><p lang=\"es\" dir=\"ltr\"><a href=\"https:\/\/twitter.com\/hashtag\/%C3%9AltimoMinuto?src=hash&amp;ref_src=twsrc%5Etfw\">#\u00daltimoMinuto<\/a> <br>Reportan estable a Javier Santiago (<a href=\"https:\/\/twitter.com\/Javier_prensa?ref_src=twsrc%5Etfw\">@Javier_prensa<\/a>); ya trasladado por la <a href=\"https:\/\/twitter.com\/cruzrojaoaxaca?ref_src=twsrc%5Etfw\">@cruzrojaoaxaca<\/a> a la cl\u00ednica \u201cDel Valle\u201d de la ciudad de <a href=\"https:\/\/twitter.com\/hashtag\/Oaxaca?src=hash&amp;ref_src=twsrc%5Etfw\">#Oaxaca<\/a>.<br>Identifican como Joaqu\u00edn a uno de los presuntos agresores. <a href=\"https:\/\/t.co\/kCqMocVaRw\">pic.twitter.com\/kCqMocVaRw<\/a><\/p>&mdash; Zona Roja Oaxaca (@Zona_Roja_Oax) <a href=\"https:\/\/twitter.com\/Zona_Roja_Oax\/status\/1363714273000751106?ref_src=twsrc%5Etfw\">22 de febrero de 2021<\/a><\/blockquote><\/div>\n<\/div><\/figure>\n","protected":false},"excerpt":{"rendered":"<p>Redacci\u00f3n\/Zona Roja. Oaxaca de Ju\u00e1rez, Oax., 22 de febrero de 2021.- El reportero Javier Santiago&hellip;<\/p>\n","protected":false},"author":2,"featured_media":23909,"comment_status":"closed","ping_status":"open","sticky":false,"template":"","format":"standard","meta":{"_lmt_disableupdate":"","_lmt_disable":"","_jetpack_memberships_contains_paid_content":false,"footnotes":""},"categories":[109,47],"tags":[2478],"class_list":["post-23908","post","type-post","status-publish","format-standard","has-post-thumbnail","hentry","category-minuto-a-minuto","category-zona-gris","tag-javier-santiago-reportero"],"jetpack_featured_media_url":"https:\/\/zonaroja.com.mx\/wp-content\/uploads\/2021\/02\/Javier-Santiago-Trucha-2.jpg","jetpack_sharing_enabled":true,"_links":{"self":[{"href":"https:\/\/zonaroja.com.mx\/index.php?rest_route=\/wp\/v2\/posts\/23908","targetHints":{"allow":["GET"]}}],"collection":[{"href":"https:\/\/zonaroja.com.mx\/index.php?rest_route=\/wp\/v2\/posts"}],"about":[{"href":"https:\/\/zonaroja.com.mx\/index.php?rest_route=\/wp\/v2\/types\/post"}],"author":[{"embeddable":true,"href":"https:\/\/zonaroja.com.mx\/index.php?rest_route=\/wp\/v2\/users\/2"}],"replies":[{"embeddable":true,"href":"https:\/\/zonaroja.com.mx\/index.php?rest_route=%2Fwp%2Fv2%2Fcomments&post=23908"}],"version-history":[{"count":2,"href":"https:\/\/zonaroja.com.mx\/index.php?rest_route=\/wp\/v2\/posts\/23908\/revisions"}],"predecessor-version":[{"id":23912,"href":"https:\/\/zonaroja.com.mx\/index.php?rest_route=\/wp\/v2\/posts\/23908\/revisions\/23912"}],"wp:featuredmedia":[{"embeddable":true,"href":"https:\/\/zonaroja.com.mx\/index.php?rest_route=\/wp\/v2\/media\/23909"}],"wp:attachment":[{"href":"https:\/\/zonaroja.com.mx\/index.php?rest_route=%2Fwp%2Fv2%2Fmedia&parent=23908"}],"wp:term":[{"taxonomy":"category","embeddable":true,"href":"https:\/\/zonaroja.com.mx\/index.php?rest_route=%2Fwp%2Fv2%2Fcategories&post=23908"},{"taxonomy":"post_tag","embeddable":true,"href":"https:\/\/zonaroja.com.mx\/index.php?rest_route=%2Fwp%2Fv2%2Ftags&post=23908"}],"curies":[{"name":"wp","href":"https:\/\/api.w.org\/{rel}","templated":true}]}}