{"id":23911,"date":"2021-02-22T08:07:28","date_gmt":"2021-02-22T14:07:28","guid":{"rendered":"http:\/\/www.zonaroja.com.mx\/?p=23911"},"modified":"2021-02-22T08:07:33","modified_gmt":"2021-02-22T14:07:33","slug":"covid-del-discurso-rosa-de-murat-a-la-roja-realidad-oaxaquena","status":"publish","type":"post","link":"https:\/\/zonaroja.com.mx\/?p=23911","title":{"rendered":"Covid: del discurso rosa de Murat a la roja realidad oaxaque\u00f1a"},"content":{"rendered":"\n<p>Ismael Garc\u00eda M.\/Zona Roja.<\/p>\n\n\n\n<p>Oaxaca de Ju\u00e1rez, Oax., 17 de febrero de 2021.- Cual si fuera un mantra, el gobernador de Oaxaca ha repetido por lo menos durante tres semanas, que los contagios de Covid se encuentran en una \u201cmeseta\u201d y van en descenso.<\/p>\n\n\n\n<p>Pero la realidad de la enfermedad es necia y terca y hasta la dependencia Servicios de Salud de Oaxaca lo ha rebatido: 300 casos y 10 decesos diarios, aproximadamente, registrados principalmente en las dos \u00faltimas semanas de enero y las dos primeras semanas de febrero.<\/p>\n\n\n\n<p>El mundo oaxaque\u00f1o que pinta el gobernador, dista mucho de lo que sufre cotidianamente la poblaci\u00f3n, a mercede del Covid, aparejada con descuido de algunas autoridades municipales.<\/p>\n\n\n\n<p>Los contagios comenzaron a incrementarse de manera fuerte despu\u00e9s de las fiestas de Navidad y a\u00f1o nuevo, as\u00ed como del D\u00eda de Reyes y luego del D\u00eda del Amor y la Amistad. Fue el 7 de febrero en que Murat inici\u00f3 con su cantaleta de estabilizaci\u00f3n de casos:<\/p>\n\n\n\n<p>\u201cQuiero informar al pueblo de Oaxaca que hoy les puedo confirmar que nos encontramos en una \u2018meseta\u2019, es decir, se ha estabilizado el n\u00famero de contagios\u201d, dijo en su video dominical.<\/p>\n\n\n\n<p>Pero ese mismo d\u00eda, la Secretar\u00eda de Salud lo desminti\u00f3 tambi\u00e9n en un video:<\/p>\n\n\n\n<p>\u201c\u2026la pandemia por Covid-19 sigue activa\u2026 desde el pasado 17 de enero la ocupaci\u00f3n hospitalaria global ha permanecido por arriba del 60 por ciento; en la jurisdicci\u00f3n Valles Centrales es superior al 70 por ciento\u201d.<\/p>\n\n\n\n<p>\u201cA partir del primer caso registrado, se han reportado 36 mil 498 casos de Covid y dos mil 629 han fallecido; del 31 de enero al 6 de febrero, el promedio de casos por d\u00eda fue de 204 y de 14 fallecimientos\u201d.<\/p>\n\n\n\n<p>SIGUE LA NECEDAD<\/p>\n\n\n\n<p>En la semana del 8 al 14 de febrero, por ejemplo, los contagios estuvieron al tope, como el martes 9, en que se registraron 365 casos positivos y 22 fallecimientos; en los d\u00edas subsecuentes fueron de entre 250 y 300 enfermos diarios.<\/p>\n\n\n\n<p>Pero para el gobernador, el d\u00eda 14 de febrero, la situaci\u00f3n segu\u00eda favorable, al menos desde su visi\u00f3n:<\/p>\n\n\n\n<p>\u201cHemos consolidado ya una tendencia de estabilizaci\u00f3n en el control del contagio del Covid-19, as\u00ed ya lo marcan las cifras, en donde nos encontramos en los 300 altos (sic)\u201d.<\/p>\n\n\n\n<p>No obstante, de nuevo, la Secretar\u00eda de Salud difiri\u00f3 de sus datos, en voz de H\u00e9ctor Matus Santiago, el mismo d\u00eda por la noche:<\/p>\n\n\n\n<p>\u201cLuego del incremento acelerado de contagios, derivados de los festejos, los casos incrementaron hasta en un 300 por ciento, pasando de un promedio diario de 100, hasta 400 casos diarios.<\/p>\n\n\n\n<p>\u201cEs prudente informar que la pandemia sigue activa; en Oaxaca se han reportado 38 mil 56 casos y dos mil 719 fallecimientos; en la semana en menci\u00f3n el promedio diario de casos es de 222 y 13 decesos; respecto a la ocupaci\u00f3n hospitalaria durante la semana, fue del 61.7 por ciento\u201d.<\/p>\n\n\n\n<p>Tan solo del 13 al 15 de febrero, se registraron 400 casos positivos; en los d\u00edas posteriores, la ocupaci\u00f3n lleg\u00f3 al tope en 20 hospitales y ha fluctuado; el d\u00eda en que m\u00e1s casos se reportaron fue el 16 de febrero, con 339 casos.<\/p>\n\n\n\n<p>Y SIGUE IGUAL<\/p>\n\n\n\n<p>Hace mucho que el gobierno estatal &#8211;menci\u00f3n aparte requiere el ayuntamiento, ante la grave irresponsabilidad de Oswaldo Garc\u00eda Jarqu\u00edn, que no ha hecho absolutamente nada para paliar la pandemia; ala capital suma 11 mil 467 contagios y 593 decesos&#8211; no emprende acciones masivas, m\u00e1s que atender la emergencia en instituciones p\u00fablicas y de vez en cuando atiende parques y mercados.<\/p>\n\n\n\n<p>De relevancia nacional y hasta internacional, los casos masivos en San Juan del R\u00edo, Santiago Cho\u00e1pam, as\u00ed como San Francisco Cozoaltepec, en la Costa, donde incluso elementos del Cuerpo de Bomberos tuvieron que acudir a desinfectar.<\/p>\n\n\n\n<p>Pero para la visi\u00f3n gubernamental, todo est\u00e1 controlado. Este 21 de febrero, Murat expuso en su video semanal que \u201cse ha disminuido de manera importante el contagio; nos encontramos en este momento ya en los 300 medios bajos (sic)\u201d.<\/p>\n\n\n\n<p>Pero otra vez la necia realidad: al corte del domingo 21 de febrero, suman ya dos mil 801 fallecimientos y 39 mil 546 casos positivos.<\/p>\n\n\n\n<p>&nbsp;Las pifias del gobernador y, por supuesto, de los Servicios de Salud, pese a nuevo titular, con Juan Carlos M\u00e1rquez, van una tras otra.<\/p>\n\n\n\n<p>Por ejemplo, hace dos semanas declar\u00f3 la posibilidad de que Oaxaca pueda comprar vacunas, cuando no hay dinero ni posibilidades para ello; incluso, adelant\u00f3 a medios informativos predilectos, que las primeras dosis ser\u00edan para personas de la tercera edad\u2026 lo cual ya est\u00e1 aplicando el gobierno federal desde la semana pasada.<\/p>\n\n\n\n<p>En el colmo, en la regi\u00f3n del Istmo hubo un d\u00eda de paro de labores, el mi\u00e9rcoles, por parte de personal m\u00e9dico de la Jurisdicci\u00f3n Sanitaria que no hab\u00eda recibido el inmunol\u00f3gico.&nbsp;<\/p>\n\n\n\n<p>\u201cA\u00fan no es momento de bajar la guardia toda vez que la pandemia por Covid-19 a\u00fan contin\u00faa activa\u201d, recomend\u00f3 anoche la dependencia Servicios de Salud. S\u00ed, pero mientras no haya acciones m\u00e1s efectivas, irremediablemente los contagios y los decesos continuar\u00e1n. \u00bfVacunas? Al paso que va Oaxaca, terminar\u00e1 el sexenio de Murat y no habr\u00e1n terminado de inmunizar.<\/p>\n","protected":false},"excerpt":{"rendered":"<p>Ismael Garc\u00eda M.\/Zona Roja. Oaxaca de Ju\u00e1rez, Oax., 17 de febrero de 2021.- Cual si&hellip;<\/p>\n","protected":false},"author":2,"featured_media":7610,"comment_status":"closed","ping_status":"open","sticky":false,"template":"","format":"standard","meta":{"_lmt_disableupdate":"","_lmt_disable":"","_jetpack_memberships_contains_paid_content":false,"footnotes":""},"categories":[456,109,48],"tags":[1353],"class_list":["post-23911","post","type-post","status-publish","format-standard","has-post-thumbnail","hentry","category-columna","category-minuto-a-minuto","category-zona-critica","tag-opinion-zona-critica"],"jetpack_featured_media_url":"https:\/\/zonaroja.com.mx\/wp-content\/uploads\/2020\/01\/Opini\u00f3n-Zona-Cr\u00edtica.jpg","jetpack_sharing_enabled":true,"_links":{"self":[{"href":"https:\/\/zonaroja.com.mx\/index.php?rest_route=\/wp\/v2\/posts\/23911","targetHints":{"allow":["GET"]}}],"collection":[{"href":"https:\/\/zonaroja.com.mx\/index.php?rest_route=\/wp\/v2\/posts"}],"about":[{"href":"https:\/\/zonaroja.com.mx\/index.php?rest_route=\/wp\/v2\/types\/post"}],"author":[{"embeddable":true,"href":"https:\/\/zonaroja.com.mx\/index.php?rest_route=\/wp\/v2\/users\/2"}],"replies":[{"embeddable":true,"href":"https:\/\/zonaroja.com.mx\/index.php?rest_route=%2Fwp%2Fv2%2Fcomments&post=23911"}],"version-history":[{"count":1,"href":"https:\/\/zonaroja.com.mx\/index.php?rest_route=\/wp\/v2\/posts\/23911\/revisions"}],"predecessor-version":[{"id":23913,"href":"https:\/\/zonaroja.com.mx\/index.php?rest_route=\/wp\/v2\/posts\/23911\/revisions\/23913"}],"wp:featuredmedia":[{"embeddable":true,"href":"https:\/\/zonaroja.com.mx\/index.php?rest_route=\/wp\/v2\/media\/7610"}],"wp:attachment":[{"href":"https:\/\/zonaroja.com.mx\/index.php?rest_route=%2Fwp%2Fv2%2Fmedia&parent=23911"}],"wp:term":[{"taxonomy":"category","embeddable":true,"href":"https:\/\/zonaroja.com.mx\/index.php?rest_route=%2Fwp%2Fv2%2Fcategories&post=23911"},{"taxonomy":"post_tag","embeddable":true,"href":"https:\/\/zonaroja.com.mx\/index.php?rest_route=%2Fwp%2Fv2%2Ftags&post=23911"}],"curies":[{"name":"wp","href":"https:\/\/api.w.org\/{rel}","templated":true}]}}