{"id":23916,"date":"2021-02-22T12:15:03","date_gmt":"2021-02-22T18:15:03","guid":{"rendered":"https:\/\/www.zonaroja.com.mx\/?p=23916"},"modified":"2021-02-22T14:39:34","modified_gmt":"2021-02-22T20:39:34","slug":"con-llanto-nina-victima-de-violencia-y-acoso-en-yutatio-pide-auxilio","status":"publish","type":"post","link":"https:\/\/zonaroja.com.mx\/?p=23916","title":{"rendered":"Con llanto, ni\u00f1a v\u00edctima de violencia y acoso en Yutat\u00edo pide auxilio"},"content":{"rendered":"\n<p class=\"MsoNormal\">Yuridiana Sosa\/Zona Roja. <\/p>\n\n\n\n<p class=\"MsoNormal\">Oaxaca de Ju\u00e1rez, Oax., 22 de febrero de 2021.- \u201c\u00a1Ay\u00fadennos, vengan a rescatarnos\u2026 \u00a1Por favor, estoy pidiendo justicia, pero no vienen!\u201d, es la s\u00faplica que entre l\u00e1grimas que realiza una de las menores de edad, familiares de las mujeres expulsadas en San Andr\u00e9s Yutat\u00edo, en la Mixteca de Oaxaca. \ufffc<\/p>\n\n\n\n<p class=\"MsoNormal\">Los familiares&nbsp;<a href=\"\/\/1\">de las cinco<\/a>&nbsp;mujeres desplazadas de esta localidad del municipio de Tezoatl\u00e1n de Segura y Luna viven desde el pasado s\u00e1bado acoso por parte de las autoridades auxiliares y comunales, que amenazan con destruir sus viviendas.<\/p>\n\n\n\n<p class=\"MsoNormal\">La menor, de seis a\u00f1os de edad, reza por ayuda por parte de alguna autoridad del Gobierno del Estado, ante la pesadilla que viven. Ella, hoy \u2013este lunes- cumple a\u00f1os, y expresa el terror que viven, as\u00ed como lo que padecieron sus t\u00edas con la quema de su veh\u00edculo.<\/p>\n\n\n\n<p class=\"MsoNormal\">\u201c\u00a1Ay\u00fadennos, vengan a rescatarnos, mi pap\u00e1 no est\u00e1, hoy es mi cumplea\u00f1os y no est\u00e1!\u201d, dice la peque\u00f1a ni\u00f1a que limpia sus l\u00e1grimas con la playera, pero no para de llorar.<\/p>\n\n\n\n<p class=\"MsoNormal\">\u201c\u00a1Por favor, estoy pidiendo justicia pero no vienen, ahorita dicen que ya van a venir a sacarnos y nosotros que vamos hacer, nosotros somos ni\u00f1os chiquititos, somos muchos\u201d, explica en un video que su familia hizo llegar a la redacci\u00f3n de Zona Roja.<\/p>\n\n\n\n<figure class=\"wp-block-embed-twitter wp-block-embed is-type-rich is-provider-twitter\"><div class=\"wp-block-embed__wrapper\">\n<div class=\"twitter-tweet\"><blockquote class=\"twitter-tweet\" data-lang=\"es\"><p lang=\"es\" dir=\"ltr\"><a href=\"https:\/\/twitter.com\/hashtag\/%C3%9AltimoMinuto?src=hash&amp;ref_src=twsrc%5Etfw\">#\u00daltimoMinuto<\/a> <br>Urge atenci\u00f3n y apoyo a la familia desplazada de San Andr\u00e9s Yutat\u00edo, <a href=\"https:\/\/twitter.com\/hashtag\/Tezoatl%C3%A1n?src=hash&amp;ref_src=twsrc%5Etfw\">#Tezoatl\u00e1n<\/a>, <a href=\"https:\/\/twitter.com\/hashtag\/Oaxaca?src=hash&amp;ref_src=twsrc%5Etfw\">#Oaxaca<\/a>. <br>As\u00ed narra esta peque\u00f1a la grave situaci\u00f3n de violencia que viven sus familiares y ella, desde la semana pasada. <a href=\"https:\/\/twitter.com\/CNDH?ref_src=twsrc%5Etfw\">@CNDH<\/a> <a href=\"https:\/\/twitter.com\/DDHPO?ref_src=twsrc%5Etfw\">@DDHPO<\/a> <a href=\"https:\/\/twitter.com\/SEGOB_mx?ref_src=twsrc%5Etfw\">@SEGOB_mx<\/a> <a href=\"https:\/\/twitter.com\/A_Encinas_R?ref_src=twsrc%5Etfw\">@A_Encinas_R<\/a> <a href=\"https:\/\/t.co\/vbrXVY9qgd\">pic.twitter.com\/vbrXVY9qgd<\/a><\/p>&mdash; Zona Roja Oaxaca (@Zona_Roja_Oax) <a href=\"https:\/\/twitter.com\/Zona_Roja_Oax\/status\/1363911533114187777?ref_src=twsrc%5Etfw\">22 de febrero de 2021<\/a><\/blockquote><\/div>\n<\/div><\/figure>\n\n\n\n<p class=\"MsoNormal\">Pero la crisis es tan dif\u00edcil que la menor dice que no puede comer, ni tomar agua. \u201cEstoy encerrada, no nos dejan salir\u201d. Son al menos unos 30 miembros de la familia los que sufren esta condici\u00f3n, entre ellos tambi\u00e9n adultos mayores.<\/p>\n\n\n\n<p class=\"MsoNormal\">Desde la expulsi\u00f3n de Silvia, Guadalupe, Adelaida V\u00e1squez, Juana y Marlen \u2013menor de edad de 16 a\u00f1os, las autoridades y poblaci\u00f3n a cargo del agente municipal, Rufino Benavides D\u00edaz y el comisariado Gerardo Bola\u00f1os V\u00e1zquez montaron guardia en el acceso a la comunidad para impedir el regreso de las mujeres.<\/p>\n\n\n\n<p class=\"MsoNormal\">Pero tambi\u00e9n mantienen acoso contra el resto de la familia, pues buscan al padre de las mujeres, a quien amenazan con linchar, de acuerdo a las v\u00edctimas.<\/p>\n","protected":false},"excerpt":{"rendered":"<p>Yuridiana Sosa\/Zona Roja. Oaxaca de Ju\u00e1rez, Oax., 22 de febrero de 2021.- \u201c\u00a1Ay\u00fadennos, vengan a&hellip;<\/p>\n","protected":false},"author":2,"featured_media":23915,"comment_status":"closed","ping_status":"open","sticky":false,"template":"","format":"standard","meta":{"_lmt_disableupdate":"","_lmt_disable":"","_jetpack_memberships_contains_paid_content":false,"footnotes":""},"categories":[109,47],"tags":[1622],"class_list":["post-23916","post","type-post","status-publish","format-standard","has-post-thumbnail","hentry","category-minuto-a-minuto","category-zona-gris","tag-san-andres-yutatio"],"jetpack_featured_media_url":"https:\/\/zonaroja.com.mx\/wp-content\/uploads\/2021\/02\/img_5483.jpg","jetpack_sharing_enabled":true,"_links":{"self":[{"href":"https:\/\/zonaroja.com.mx\/index.php?rest_route=\/wp\/v2\/posts\/23916","targetHints":{"allow":["GET"]}}],"collection":[{"href":"https:\/\/zonaroja.com.mx\/index.php?rest_route=\/wp\/v2\/posts"}],"about":[{"href":"https:\/\/zonaroja.com.mx\/index.php?rest_route=\/wp\/v2\/types\/post"}],"author":[{"embeddable":true,"href":"https:\/\/zonaroja.com.mx\/index.php?rest_route=\/wp\/v2\/users\/2"}],"replies":[{"embeddable":true,"href":"https:\/\/zonaroja.com.mx\/index.php?rest_route=%2Fwp%2Fv2%2Fcomments&post=23916"}],"version-history":[{"count":2,"href":"https:\/\/zonaroja.com.mx\/index.php?rest_route=\/wp\/v2\/posts\/23916\/revisions"}],"predecessor-version":[{"id":23921,"href":"https:\/\/zonaroja.com.mx\/index.php?rest_route=\/wp\/v2\/posts\/23916\/revisions\/23921"}],"wp:featuredmedia":[{"embeddable":true,"href":"https:\/\/zonaroja.com.mx\/index.php?rest_route=\/wp\/v2\/media\/23915"}],"wp:attachment":[{"href":"https:\/\/zonaroja.com.mx\/index.php?rest_route=%2Fwp%2Fv2%2Fmedia&parent=23916"}],"wp:term":[{"taxonomy":"category","embeddable":true,"href":"https:\/\/zonaroja.com.mx\/index.php?rest_route=%2Fwp%2Fv2%2Fcategories&post=23916"},{"taxonomy":"post_tag","embeddable":true,"href":"https:\/\/zonaroja.com.mx\/index.php?rest_route=%2Fwp%2Fv2%2Ftags&post=23916"}],"curies":[{"name":"wp","href":"https:\/\/api.w.org\/{rel}","templated":true}]}}